{"id":61394,"date":"2019-09-17T13:04:41","date_gmt":"2019-09-17T17:04:41","guid":{"rendered":"https:\/\/linitiative.ca\/International\/7e-exposition-dart-contemporain-dalger-une-vingtaine-dartistes-participent-a-la-manifestation\/"},"modified":"2019-09-17T13:04:41","modified_gmt":"2019-09-17T17:04:41","slug":"7e-exposition-dart-contemporain-dalger-une-vingtaine-dartistes-participent-a-la-manifestation","status":"publish","type":"post","link":"https:\/\/linitiative.ca\/International\/7e-exposition-dart-contemporain-dalger-une-vingtaine-dartistes-participent-a-la-manifestation\/","title":{"rendered":"7\u00e8 exposition d&rsquo;art contemporain d&rsquo;Alger: une vingtaine d&rsquo;artistes participent \u00e0 la manifestation"},"content":{"rendered":"<div>\n<div class=\"K2FeedImage\"><img decoding=\"async\" src=\"http:\/\/www.aps.dz\/media\/k2\/items\/cache\/fdde366a294c8ecdae99c96539b54890_S.jpg\" alt=\"7\u00e8 exposition d'art contemporain d'Alger: une vingtaine d'artistes participent \u00e0 la manifestation\"><\/div>\n<div class=\"K2FeedIntroText\">\n<p><strong>ALGER- Une vingtaine d&rsquo;artistes alg\u00e9riens et \u00e9trangers exposent leurs nouvelles \u0153uvres \u00e0 la 7\u00e8 exposition internationale d&rsquo;art contemporain, Performance et Fashion design qui se tient depuis samedi dernier au Mus\u00e9e national public d&rsquo;art moderne et contemporain d&rsquo;Alger (MAMA).<\/strong><\/p>\n<\/div>\n<div class=\"K2FeedFullText\">\n<p>Plac\u00e9e sous le th\u00e8me \u00ab\u00a0Al-Tiba9\u00a0\u00bb (Oxymore), cette exposition mettra en lumi\u00e8re pr\u00e8s de 50 cr\u00e9ations artistiques des artistes issus de l&rsquo;Alg\u00e9rie, de l&rsquo;Italie, de l&rsquo;Espagne, de la Belgique, de la Russie, des Etats-Unis et d&rsquo;autres, consistant en des \u0153uvres compos\u00e9es, des vid\u00e9os, des sculptures, des photographies qui traduisent les diff\u00e9rents courants artistiques et traitent de diverses th\u00e8mes philosophiques et de la vie quotidienne.<\/p>\n<p>Outre l&rsquo;exposition d&rsquo;art contemporain, cette 7\u00e8 \u00e9dition sera marqu\u00e9e par l&rsquo;ouverture, samedi prochain, au public, d&rsquo;un stand d\u00e9di\u00e9 \u00e0 la cr\u00e9ation de mode (Fashion Design).<\/p>\n<blockquote>\n<p><em><strong>Pour sa part, le commissaire de l&rsquo;exposition, Mohamed Benhadj a indiqu\u00e9 que le th\u00e8me de cette \u00e9dition \u00ab\u00a0Al-Tiba9\u00a0\u00bb (m\u00eame th\u00e8me des pr\u00e9c\u00e9dentes \u00e9ditions) refl\u00e9tait \u00ab\u00a0la combinaison philosophique entre les contradictions qui se compl\u00e9mentent\u00a0\u00bb, en l&rsquo;occurence \u00ab\u00a0Homme et Femme\u00a0\u00bb, \u00ab\u00a0Vie et Mort\u00a0\u00bb et autres.<\/strong><\/em><\/p>\n<\/blockquote>\n<p>A rappeler que les quatre premi\u00e8res \u00e9ditions de l&rsquo;exposition internationale d&rsquo;art contemporain avaient \u00e9t\u00e9 organis\u00e9es en Alg\u00e9rie, tandis que la cinqui\u00e8me et sixi\u00e8me s&rsquo;\u00e9taient tenues \u00e0 Barcelone (Espagne).<\/p>\n<p>Ouverte le samedi 14 septembre, la 7\u00e8 \u00e9dition de cette exposition se poursuivra jusqu&rsquo;au 07 octobre prochain.<\/p>\n<\/div>\n<\/div>\n<p>Auteur:<br \/>\n<a href=\"http:\/\/www.aps.dz\/culture\/94489-7e-exposition-internationale-d-art-contemporain-d-alger-une-vingtaine-d-artistes-participent-a-la-manifestation\">Cliquez ici pour lire l&rsquo;article depuis sa source.<\/a><\/p>\n","protected":false},"excerpt":{"rendered":"<p>ALGER- Une vingtaine d&rsquo;artistes alg\u00e9riens et \u00e9trangers exposent leurs nouvelles \u0153uvres \u00e0 la 7\u00e8 exposition internationale d&rsquo;art contemporain, Performance et Fashion design qui se tient depuis samedi dernier au Mus\u00e9e national public d&rsquo;art moderne et contemporain d&rsquo;Alger (MAMA). Plac\u00e9e sous le th\u00e8me \u00ab\u00a0Al-Tiba9\u00a0\u00bb (Oxymore), cette exposition mettra en lumi\u00e8re pr\u00e8s de 50 cr\u00e9ations artistiques des [&hellip;]<\/p>\n","protected":false},"author":1790,"featured_media":61395,"comment_status":"closed","ping_status":"closed","sticky":false,"template":"","format":"standard","meta":{"fifu_image_url":"","fifu_image_alt":"","footnotes":""},"categories":[53,79],"tags":[],"class_list":["post-61394","post","type-post","status-publish","format-standard","has-post-thumbnail","hentry","category-algerie","category-culture"],"_links":{"self":[{"href":"https:\/\/linitiative.ca\/International\/wp-json\/wp\/v2\/posts\/61394","targetHints":{"allow":["GET"]}}],"collection":[{"href":"https:\/\/linitiative.ca\/International\/wp-json\/wp\/v2\/posts"}],"about":[{"href":"https:\/\/linitiative.ca\/International\/wp-json\/wp\/v2\/types\/post"}],"author":[{"embeddable":true,"href":"https:\/\/linitiative.ca\/International\/wp-json\/wp\/v2\/users\/1790"}],"replies":[{"embeddable":true,"href":"https:\/\/linitiative.ca\/International\/wp-json\/wp\/v2\/comments?post=61394"}],"version-history":[{"count":0,"href":"https:\/\/linitiative.ca\/International\/wp-json\/wp\/v2\/posts\/61394\/revisions"}],"wp:featuredmedia":[{"embeddable":true,"href":"https:\/\/linitiative.ca\/International\/wp-json\/"}],"wp:attachment":[{"href":"https:\/\/linitiative.ca\/International\/wp-json\/wp\/v2\/media?parent=61394"}],"wp:term":[{"taxonomy":"category","embeddable":true,"href":"https:\/\/linitiative.ca\/International\/wp-json\/wp\/v2\/categories?post=61394"},{"taxonomy":"post_tag","embeddable":true,"href":"https:\/\/linitiative.ca\/International\/wp-json\/wp\/v2\/tags?post=61394"}],"curies":[{"name":"wp","href":"https:\/\/api.w.org\/{rel}","templated":true}]}}