{"id":61398,"date":"2019-09-17T07:17:00","date_gmt":"2019-09-17T11:17:00","guid":{"rendered":"https:\/\/linitiative.ca\/International\/plusieurs-manifestants-interpelles\/"},"modified":"2019-09-17T07:17:00","modified_gmt":"2019-09-17T11:17:00","slug":"plusieurs-manifestants-interpelles","status":"publish","type":"post","link":"https:\/\/linitiative.ca\/International\/plusieurs-manifestants-interpelles\/","title":{"rendered":"Plusieurs manifestants  interpell\u00e9s"},"content":{"rendered":"<div id=\"originalText\" readability=\"28\">\n<p class=\"c10\">Les \u00e9tudiants ont, pour leur 30e marche du mardi, protest\u00e9\u00a0 massivement contre \u00a0la convocation du corps \u00e9lectoral pour la tenue des \u00e9lections pr\u00e9sidentielles \u00a0le 12 d\u00e9cembre.<\/p>\n<p><iframe loading=\"lazy\" allow=\"accelerometer; autoplay; encrypted-media; gyroscope; picture-in-picture\" allowfullscreen=\"\" frameborder=\"0\" height=\"315\" src=\"https:\/\/www.youtube.com\/embed\/xAWNbx76ZTk\" width=\"560\">[embedded content]<\/iframe><\/p>\n<p class=\"c10\">Ils \u00e9taient des milliers \u00e0 se rassembler pacifiquement \u00e0 la Place des Martyrs et de rejoindre par la suite\u00a0 la Grande Poste, avant que la marche ne soit r\u00e9prim\u00e9e\u00a0 par les forces de l\u2019ordre.<\/p>\n<p><iframe loading=\"lazy\" allow=\"accelerometer; autoplay; encrypted-media; gyroscope; picture-in-picture\" allowfullscreen=\"\" frameborder=\"0\" height=\"315\" src=\"https:\/\/www.youtube.com\/embed\/s70SiSKZL0o\" width=\"560\">[embedded content]<\/iframe><\/p>\n<p class=\"c10\">D&rsquo;ailleurs, selon nos journalistes pr\u00e9sents sur place, plus de cinq manifestants ont \u00e9t\u00e9 interpell\u00e9s \u00a0de mani\u00e8re muscl\u00e9e \u00a0d\u00e8s le d\u00e9but de la marche vers 10h.<\/p>\n<p><iframe loading=\"lazy\" allow=\"accelerometer; autoplay; encrypted-media; gyroscope; picture-in-picture\" allowfullscreen=\"\" frameborder=\"0\" height=\"315\" src=\"https:\/\/www.youtube.com\/embed\/cGU349Q9q_c\" width=\"560\">[embedded content]<\/iframe><\/p>\n<p class=\"c10\">Entonnant \u00ab\u00a0makach intikhabate ya issabate, (pas d&rsquo;\u00e9lections avec la bande mafieuse, NDLR)\u00a0\u00bb les manifestants \u00a0ont d\u00e9fi\u00e9 l\u2019important dispositif de s\u00e9curit\u00e9 \u00a0des forces de l\u2019ordre d\u00e9ploy\u00e9.<\/p>\n<p><iframe loading=\"lazy\" allow=\"accelerometer; autoplay; encrypted-media; gyroscope; picture-in-picture\" allowfullscreen=\"\" frameborder=\"0\" height=\"315\" src=\"https:\/\/www.youtube.com\/embed\/rKIX10jUQZQ\" width=\"560\">[embedded content]<\/iframe><\/p>\n<p class=\"c10\">Malgr\u00e9 les interpellations, les \u00e9tudiants \u00a0se sont montr\u00e9s \u00a0d\u00e9termin\u00e9s \u00e0 tenir leur mobilisation hebdomadaire .<\/p>\n<p><iframe loading=\"lazy\" allow=\"accelerometer; autoplay; encrypted-media; gyroscope; picture-in-picture\" allowfullscreen=\"\" frameborder=\"0\" height=\"315\" src=\"https:\/\/www.youtube.com\/embed\/kDXY9cVzhzg\" width=\"560\">[embedded content]<\/iframe><\/p>\n<p class=\"c11\"><strong>Im\u00e8ne AMOKRANE<\/strong><\/p>\n<\/div>\n<div id=\"text_core\" readability=\"28\">\n<p class=\"c10\">Les \u00e9tudiants ont, pour leur 30e marche du mardi, protest\u00e9\u00a0 massivement contre \u00a0la convocation du corps \u00e9lectoral pour la tenue des \u00e9lections pr\u00e9sidentielles \u00a0le 12 d\u00e9cembre.<\/p>\n<p><iframe loading=\"lazy\" allow=\"accelerometer; autoplay; encrypted-media; gyroscope; picture-in-picture\" allowfullscreen=\"\" frameborder=\"0\" height=\"315\" src=\"https:\/\/www.youtube.com\/embed\/xAWNbx76ZTk\" width=\"560\">[embedded content]<\/iframe><\/p>\n<p class=\"c10\">Ils \u00e9taient des milliers \u00e0 se rassembler pacifiquement \u00e0 la Place des Martyrs et de rejoindre par la suite\u00a0 la Grande Poste, avant que la marche ne soit r\u00e9prim\u00e9e\u00a0 par les forces de l\u2019ordre.<\/p>\n<p><iframe loading=\"lazy\" allow=\"accelerometer; autoplay; encrypted-media; gyroscope; picture-in-picture\" allowfullscreen=\"\" frameborder=\"0\" height=\"315\" src=\"https:\/\/www.youtube.com\/embed\/s70SiSKZL0o\" width=\"560\">[embedded content]<\/iframe><\/p>\n<p class=\"c10\">D&rsquo;ailleurs, selon nos journalistes pr\u00e9sents sur place, plus de cinq manifestants ont \u00e9t\u00e9 interpell\u00e9s \u00a0de mani\u00e8re muscl\u00e9e \u00a0d\u00e8s le d\u00e9but de la marche vers 10h.<\/p>\n<p><iframe loading=\"lazy\" allow=\"accelerometer; autoplay; encrypted-media; gyroscope; picture-in-picture\" allowfullscreen=\"\" frameborder=\"0\" height=\"315\" src=\"https:\/\/www.youtube.com\/embed\/cGU349Q9q_c\" width=\"560\">[embedded content]<\/iframe><\/p>\n<p class=\"c10\">Entonnant \u00ab\u00a0makach intikhabate ya issabate, (pas d&rsquo;\u00e9lections avec la bande mafieuse, NDLR)\u00a0\u00bb les manifestants \u00a0ont d\u00e9fi\u00e9 l\u2019important dispositif de s\u00e9curit\u00e9 \u00a0des forces de l\u2019ordre d\u00e9ploy\u00e9.<\/p>\n<p><iframe loading=\"lazy\" allow=\"accelerometer; autoplay; encrypted-media; gyroscope; picture-in-picture\" allowfullscreen=\"\" frameborder=\"0\" height=\"315\" src=\"https:\/\/www.youtube.com\/embed\/rKIX10jUQZQ\" width=\"560\">[embedded content]<\/iframe><\/p>\n<p class=\"c10\">Malgr\u00e9 les interpellations, les \u00e9tudiants \u00a0se sont montr\u00e9s \u00a0d\u00e9termin\u00e9s \u00e0 tenir leur mobilisation hebdomadaire .<\/p>\n<p><iframe loading=\"lazy\" allow=\"accelerometer; autoplay; encrypted-media; gyroscope; picture-in-picture\" allowfullscreen=\"\" frameborder=\"0\" height=\"315\" src=\"https:\/\/www.youtube.com\/embed\/kDXY9cVzhzg\" width=\"560\">[embedded content]<\/iframe><\/p>\n<p class=\"c11\"><strong>Im\u00e8ne AMOKRANE<\/strong><\/p>\n<\/div>\n<p>Auteur:<br \/>\n<a href=\"https:\/\/www.liberte-algerie.com\/actualite\/plusieurs-manifestants-interpelles-324122\">Cliquez ici pour lire l&rsquo;article depuis sa source.<\/a><\/p>\n","protected":false},"excerpt":{"rendered":"<p>Les \u00e9tudiants ont, pour leur 30e marche du mardi, protest\u00e9\u00a0 massivement contre \u00a0la convocation du corps \u00e9lectoral pour la tenue des \u00e9lections pr\u00e9sidentielles \u00a0le 12 d\u00e9cembre. [embedded content] Ils \u00e9taient des milliers \u00e0 se rassembler pacifiquement \u00e0 la Place des Martyrs et de rejoindre par la suite\u00a0 la Grande Poste, avant que la marche ne [&hellip;]<\/p>\n","protected":false},"author":1742,"featured_media":0,"comment_status":"closed","ping_status":"closed","sticky":false,"template":"","format":"standard","meta":{"fifu_image_url":"","fifu_image_alt":"","footnotes":""},"categories":[73,53],"tags":[],"class_list":["post-61398","post","type-post","status-publish","format-standard","hentry","category-actualite","category-algerie"],"_links":{"self":[{"href":"https:\/\/linitiative.ca\/International\/wp-json\/wp\/v2\/posts\/61398","targetHints":{"allow":["GET"]}}],"collection":[{"href":"https:\/\/linitiative.ca\/International\/wp-json\/wp\/v2\/posts"}],"about":[{"href":"https:\/\/linitiative.ca\/International\/wp-json\/wp\/v2\/types\/post"}],"author":[{"embeddable":true,"href":"https:\/\/linitiative.ca\/International\/wp-json\/wp\/v2\/users\/1742"}],"replies":[{"embeddable":true,"href":"https:\/\/linitiative.ca\/International\/wp-json\/wp\/v2\/comments?post=61398"}],"version-history":[{"count":0,"href":"https:\/\/linitiative.ca\/International\/wp-json\/wp\/v2\/posts\/61398\/revisions"}],"wp:attachment":[{"href":"https:\/\/linitiative.ca\/International\/wp-json\/wp\/v2\/media?parent=61398"}],"wp:term":[{"taxonomy":"category","embeddable":true,"href":"https:\/\/linitiative.ca\/International\/wp-json\/wp\/v2\/categories?post=61398"},{"taxonomy":"post_tag","embeddable":true,"href":"https:\/\/linitiative.ca\/International\/wp-json\/wp\/v2\/tags?post=61398"}],"curies":[{"name":"wp","href":"https:\/\/api.w.org\/{rel}","templated":true}]}}