{"id":61401,"date":"2019-09-17T11:31:00","date_gmt":"2019-09-17T15:31:00","guid":{"rendered":"https:\/\/linitiative.ca\/International\/deces-du-realisateur-moussa-haddad\/"},"modified":"2019-09-17T11:31:00","modified_gmt":"2019-09-17T15:31:00","slug":"deces-du-realisateur-moussa-haddad","status":"publish","type":"post","link":"https:\/\/linitiative.ca\/International\/deces-du-realisateur-moussa-haddad\/","title":{"rendered":"D\u00e9c\u00e8s du r\u00e9alisateur Moussa Haddad"},"content":{"rendered":"<div id=\"originalText\" readability=\"49\">\n<p class=\"c10\">Le r\u00e9alisateur Moussa Haddad est d\u00e9c\u00e9d\u00e9, ce mardi, \u00e0 l&rsquo;\u00e2ge de 82 ans, a appris \u00ab\u00a0Libert\u00e9\u00a0\u00bb de ses proches.<\/p>\n<p class=\"c10\">N\u00e9 en 1937, Moussa Haddad avait travaill\u00e9 comme assistant du r\u00e9alisateur italien Gilo Pontecorvo, sur le film \u00ab\u00a0La bataille d&rsquo;Alger\u00a0\u00bb, et de Enzo Peri sur le film \u00ab\u00a0Trois pistolet contre C\u00e9sar\u00a0\u00bb. Il a r\u00e9alis\u00e9 sa premi\u00e8re \u0153uvre \u00ab\u00a0L&rsquo;inspecteur Tahar\u00a0\u00bb en 1967, suivie par \u00ab\u00a0Les vacances de l&rsquo;inspecteur Tahar\u00a0\u00bb en 1972 et \u00ab\u00a0Sous le peuplier\u00a0\u00bb sortie la m\u00eame ann\u00e9e.<\/p>\n<p class=\"c10\">Le d\u00e9funt \u00a0a \u00e9galement sign\u00e9 \u00ab\u00a0Les enfants de novembre\u00a0\u00bb en 1975, \u00ab\u00a0Lib\u00e9ration\u00a0\u00bb en 1982 ou encore Made In\u00a0\u00bb en 1999 avant de r\u00e9aliser \u00ab\u00a0Harraga Blues\u00a0\u00bb en 2012.<\/p>\n<p class=\"c11\"><strong>R\u00e9daction Web<\/strong><\/p>\n<\/div>\n<div id=\"text_core\" readability=\"49\">\n<p class=\"c10\">Le r\u00e9alisateur Moussa Haddad est d\u00e9c\u00e9d\u00e9, ce mardi, \u00e0 l&rsquo;\u00e2ge de 82 ans, a appris \u00ab\u00a0Libert\u00e9\u00a0\u00bb de ses proches.<\/p>\n<p class=\"c10\">N\u00e9 en 1937, Moussa Haddad avait travaill\u00e9 comme assistant du r\u00e9alisateur italien Gilo Pontecorvo, sur le film \u00ab\u00a0La bataille d&rsquo;Alger\u00a0\u00bb, et de Enzo Peri sur le film \u00ab\u00a0Trois pistolet contre C\u00e9sar\u00a0\u00bb. Il a r\u00e9alis\u00e9 sa premi\u00e8re \u0153uvre \u00ab\u00a0L&rsquo;inspecteur Tahar\u00a0\u00bb en 1967, suivie par \u00ab\u00a0Les vacances de l&rsquo;inspecteur Tahar\u00a0\u00bb en 1972 et \u00ab\u00a0Sous le peuplier\u00a0\u00bb sortie la m\u00eame ann\u00e9e.<\/p>\n<p class=\"c10\">Le d\u00e9funt \u00a0a \u00e9galement sign\u00e9 \u00ab\u00a0Les enfants de novembre\u00a0\u00bb en 1975, \u00ab\u00a0Lib\u00e9ration\u00a0\u00bb en 1982 ou encore Made In\u00a0\u00bb en 1999 avant de r\u00e9aliser \u00ab\u00a0Harraga Blues\u00a0\u00bb en 2012.<\/p>\n<p class=\"c11\"><strong>R\u00e9daction Web<\/strong><\/p>\n<\/div>\n<p>Auteur:<br \/>\n<a href=\"https:\/\/www.liberte-algerie.com\/actualite\/deces-du-realisateur-moussa-haddad-324125\">Cliquez ici pour lire l&rsquo;article depuis sa source.<\/a><\/p>\n","protected":false},"excerpt":{"rendered":"<p>Le r\u00e9alisateur Moussa Haddad est d\u00e9c\u00e9d\u00e9, ce mardi, \u00e0 l&rsquo;\u00e2ge de 82 ans, a appris \u00ab\u00a0Libert\u00e9\u00a0\u00bb de ses proches. N\u00e9 en 1937, Moussa Haddad avait travaill\u00e9 comme assistant du r\u00e9alisateur italien Gilo Pontecorvo, sur le film \u00ab\u00a0La bataille d&rsquo;Alger\u00a0\u00bb, et de Enzo Peri sur le film \u00ab\u00a0Trois pistolet contre C\u00e9sar\u00a0\u00bb. Il a r\u00e9alis\u00e9 sa premi\u00e8re [&hellip;]<\/p>\n","protected":false},"author":1742,"featured_media":0,"comment_status":"closed","ping_status":"closed","sticky":false,"template":"","format":"standard","meta":{"fifu_image_url":"","fifu_image_alt":"","footnotes":""},"categories":[73,53],"tags":[],"class_list":["post-61401","post","type-post","status-publish","format-standard","hentry","category-actualite","category-algerie"],"_links":{"self":[{"href":"https:\/\/linitiative.ca\/International\/wp-json\/wp\/v2\/posts\/61401","targetHints":{"allow":["GET"]}}],"collection":[{"href":"https:\/\/linitiative.ca\/International\/wp-json\/wp\/v2\/posts"}],"about":[{"href":"https:\/\/linitiative.ca\/International\/wp-json\/wp\/v2\/types\/post"}],"author":[{"embeddable":true,"href":"https:\/\/linitiative.ca\/International\/wp-json\/wp\/v2\/users\/1742"}],"replies":[{"embeddable":true,"href":"https:\/\/linitiative.ca\/International\/wp-json\/wp\/v2\/comments?post=61401"}],"version-history":[{"count":0,"href":"https:\/\/linitiative.ca\/International\/wp-json\/wp\/v2\/posts\/61401\/revisions"}],"wp:attachment":[{"href":"https:\/\/linitiative.ca\/International\/wp-json\/wp\/v2\/media?parent=61401"}],"wp:term":[{"taxonomy":"category","embeddable":true,"href":"https:\/\/linitiative.ca\/International\/wp-json\/wp\/v2\/categories?post=61401"},{"taxonomy":"post_tag","embeddable":true,"href":"https:\/\/linitiative.ca\/International\/wp-json\/wp\/v2\/tags?post=61401"}],"curies":[{"name":"wp","href":"https:\/\/api.w.org\/{rel}","templated":true}]}}