{"id":61404,"date":"2019-09-17T11:20:05","date_gmt":"2019-09-17T15:20:05","guid":{"rendered":"https:\/\/linitiative.ca\/International\/rencontre-sur-la-couverture-medicale-des-chauffeurs-de-taxis\/"},"modified":"2019-09-17T11:20:05","modified_gmt":"2019-09-17T15:20:05","slug":"rencontre-sur-la-couverture-medicale-des-chauffeurs-de-taxis","status":"publish","type":"post","link":"https:\/\/linitiative.ca\/International\/rencontre-sur-la-couverture-medicale-des-chauffeurs-de-taxis\/","title":{"rendered":"Rencontre sur la couverture m\u00e9dicale des chauffeurs de taxis"},"content":{"rendered":"<div readability=\"38\">\n<p>Marrakech- Une rencontre de communication autour de la couverture m\u00e9dicale et sociale des chauffeurs de taxis a \u00e9t\u00e9 organis\u00e9e lundi, au si\u00e8ge de la wilaya de la r\u00e9gion Marrakech-Safi, avec la participation des repr\u00e9sentants des organismes encadrant le secteur des taxis \u00e0 la r\u00e9gion, dont des syndicats et des associations professionnelles.<\/p>\n<\/div>\n<div readability=\"93\">\n<p>Pr\u00e9sid\u00e9e par le wali de la r\u00e9gion, Karim Kassi-Lahlou, cette rencontre qui s\u2019inscrit dans le cadre de la mise en oeuvre du r\u00e9gime de couverture m\u00e9dicale et sociale au profit des travailleurs ind\u00e9pendants et des professionnels lib\u00e9raux, a \u00e9t\u00e9 organis\u00e9e en pr\u00e9sence des repr\u00e9sentants d\u2019administrations centrales concern\u00e9es, notamment les minist\u00e8res de l\u2019Int\u00e9rieur, de l\u2019emploi et de l\u2019insertion sociale, la sant\u00e9, de l\u2019\u00e9quipement, du transport et de la logistique, l\u2019Agence nationale de l\u2019assurance maladie (ANAM) et la Caisse nationale de s\u00e9curit\u00e9 sociale (CNSS), outre les pr\u00e9sidents des services d\u2019affaires \u00e9conomiques de la r\u00e9gion.<\/p>\n<p>S\u2019exprimant \u00e0 cette occasion, M. Kassi-Lahlou, a mis en avant l\u2019importance particuli\u00e8re accord\u00e9e aux chauffeurs des taxis, qui seront parmi les premiers b\u00e9n\u00e9ficiaires du r\u00e9gime de l\u2019assurance maladie obligatoire (AMO) et de la retraite des travailleurs ind\u00e9pendants et des professionnels exer\u00e7ant une activit\u00e9 lib\u00e9rale, en vue d\u2019am\u00e9liorer leurs conditions de travail et\u00a0la qualit\u00e9 des services prodigu\u00e9s.<\/p>\n<p>De leur c\u00f4t\u00e9, des repr\u00e9sentants des administrations centrales se sont attard\u00e9s sur les r\u00e9sultats des actions de coordination tenues au niveau central pour la mise en oeuvre du r\u00e9gime de couverture m\u00e9dicale, notant qu\u2019une s\u00e9rie de mesures ont \u00e9t\u00e9 adopt\u00e9es, notamment la fixation des crit\u00e8res de s\u00e9lection et du montant de revenu forfaitaire pour calculer les frais d\u2019adh\u00e9sion.<\/p>\n<p>Dans ce sens, les chauffeurs de taxi ont \u00e9t\u00e9 class\u00e9s selon deux cat\u00e9gories, la premi\u00e8re concerne le chauffeur de taxi journalier qui devra acquitter d\u2019un montant de 509 DH par mois, dont 198 DH en tant que frais d\u2019adh\u00e9sion \u00e0 l\u2019AMO et 311 DH pour son adh\u00e9sion au r\u00e9gime de retraite.<\/p>\n<p>Alors que la deuxi\u00e8me cat\u00e9gorie comprend le chauffeur professionnel, qui doit payer 694 DH mensuel, dont 270 pour son adh\u00e9sion \u00e0 l\u2019AMO et 424 DH pour le r\u00e9gime de retraite.<\/p>\n<p>Ce r\u00e9gime permettra aux professionnels ind\u00e9pendants de b\u00e9n\u00e9ficier des soins relatifs \u00e0 l\u2019hospitalisation et aux op\u00e9rations chirurgicales, outre les soins externes (dentaires).<\/p>\n<p>Le taux de remboursement est estim\u00e9 entre 80 % et 100 % pour les maladies co\u00fbteuses, notamment celles relatives aux greffes d\u2019organes (foie, c\u0153ur, poumon, colonne vert\u00e9brale..)<\/p>\n<p>Ce r\u00e9gime couvre l\u2019ensemble des maladies sans plafond, y compris les maladies pr\u00e9c\u00e9dant l\u2019adh\u00e9sion du travailleur non-salari\u00e9 \u00e0 ce syst\u00e8me. De m\u00eame, les chauffeurs de taxi continueront \u00e0 b\u00e9n\u00e9ficier de l\u2019assurance m\u00e9dicale pendant 6 mois apr\u00e8s l\u2019abandon de l\u2019emploi, 12 mois en cas de divorce et 24 mois en cas de d\u00e9c\u00e8s.<\/p>\n<\/div>\n<p>Auteur: Mohammed KOURSI<br \/>\n<a href=\"http:\/\/www.mapmarrakech.ma\/fr\/rencontre-sur-la-couverture-medicale-des-chauffeurs-de-taxis\/\">Cliquez ici pour lire l&rsquo;article depuis sa source.<\/a><\/p>\n","protected":false},"excerpt":{"rendered":"<p>Marrakech- Une rencontre de communication autour de la couverture m\u00e9dicale et sociale des chauffeurs de taxis a \u00e9t\u00e9 organis\u00e9e lundi, au si\u00e8ge de la wilaya de la r\u00e9gion Marrakech-Safi, avec la participation des repr\u00e9sentants des organismes encadrant le secteur des taxis \u00e0 la r\u00e9gion, dont des syndicats et des associations professionnelles. Pr\u00e9sid\u00e9e par le wali [&hellip;]<\/p>\n","protected":false},"author":1788,"featured_media":0,"comment_status":"closed","ping_status":"closed","sticky":false,"template":"","format":"standard","meta":{"fifu_image_url":"","fifu_image_alt":"","footnotes":""},"categories":[54,76],"tags":[],"class_list":["post-61404","post","type-post","status-publish","format-standard","hentry","category-maroc","category-regions"],"_links":{"self":[{"href":"https:\/\/linitiative.ca\/International\/wp-json\/wp\/v2\/posts\/61404","targetHints":{"allow":["GET"]}}],"collection":[{"href":"https:\/\/linitiative.ca\/International\/wp-json\/wp\/v2\/posts"}],"about":[{"href":"https:\/\/linitiative.ca\/International\/wp-json\/wp\/v2\/types\/post"}],"author":[{"embeddable":true,"href":"https:\/\/linitiative.ca\/International\/wp-json\/wp\/v2\/users\/1788"}],"replies":[{"embeddable":true,"href":"https:\/\/linitiative.ca\/International\/wp-json\/wp\/v2\/comments?post=61404"}],"version-history":[{"count":0,"href":"https:\/\/linitiative.ca\/International\/wp-json\/wp\/v2\/posts\/61404\/revisions"}],"wp:attachment":[{"href":"https:\/\/linitiative.ca\/International\/wp-json\/wp\/v2\/media?parent=61404"}],"wp:term":[{"taxonomy":"category","embeddable":true,"href":"https:\/\/linitiative.ca\/International\/wp-json\/wp\/v2\/categories?post=61404"},{"taxonomy":"post_tag","embeddable":true,"href":"https:\/\/linitiative.ca\/International\/wp-json\/wp\/v2\/tags?post=61404"}],"curies":[{"name":"wp","href":"https:\/\/api.w.org\/{rel}","templated":true}]}}