{"id":61405,"date":"2019-09-17T12:30:59","date_gmt":"2019-09-17T16:30:59","guid":{"rendered":"https:\/\/linitiative.ca\/International\/focus-sur-la-fiscalite-des-collectivites-territoriales\/"},"modified":"2019-09-17T12:30:59","modified_gmt":"2019-09-17T16:30:59","slug":"focus-sur-la-fiscalite-des-collectivites-territoriales","status":"publish","type":"post","link":"https:\/\/linitiative.ca\/International\/focus-sur-la-fiscalite-des-collectivites-territoriales\/","title":{"rendered":"Focus sur la fiscalit\u00e9 des collectivit\u00e9s territoriales"},"content":{"rendered":"<div readability=\"35\">\n<p>Essaouira- Une journ\u00e9e d\u2019\u00e9tude sur les moyens \u00e0 mettre en oeuvre en faveur du d\u00e9veloppement des ressources financi\u00e8res des collectivit\u00e9s territoriales, a \u00e9t\u00e9 tenue lundi au si\u00e8ge de la province d\u2019Essaouira.<\/p>\n<\/div>\n<div readability=\"136\">\n<p>Cette rencontre, \u00e0 laquelle ont pris part les repr\u00e9sentants des autorit\u00e9s locales, des responsables du secteur des imp\u00f4ts et de la fiscalit\u00e9, des \u00e9lus ainsi que d\u2019autres personnalit\u00e9s, s\u2019est fix\u00e9e pour objectif de mettre en place les m\u00e9canismes op\u00e9rationnels \u00e0 m\u00eame d\u2019aider les collectivit\u00e9s territoriales relevant de la province \u00e0 d\u00e9passer toutes les contraintes en mati\u00e8re de recouvrement des recettes.<\/p>\n<p>Elle a servi aussi de cadre pour l\u2019\u00e9change autour des moyens \u00e0 m\u00eame de moderniser les m\u00e9thodes et les m\u00e9canismes d\u2019action et ce, conform\u00e9ment aux Hautes Orientations de Sa Majest\u00e9 le Roi Mohammed VI.<\/p>\n<p>Dans une allocution de circonstance, le gouverneur de la province, Adil El Maliki, a fait savoir que l\u2019organisation de cette rencontre s\u2019ins\u00e8re dans le sillage de l\u2019activation du r\u00f4le des autorit\u00e9s provinciales dans l\u2019accompagnement des collectivit\u00e9s territoriales dans le domaine des imp\u00f4ts locaux et le recouvrement des dettes publiques, outre les imp\u00f4ts r\u00e9troc\u00e9d\u00e9s g\u00e9r\u00e9s par les services de la direction g\u00e9n\u00e9rale des imp\u00f4ts et la Tr\u00e9sorerie g\u00e9n\u00e9rale du Royaume.<\/p>\n<p>M. El Maliki a mis en avant l\u2019int\u00e9r\u00eat particulier qu\u2019accorde l\u2019Etat \u00e0 ce secteur et ce, partant de la prise de conscience que les collectivit\u00e9s territoriales ne peuvent mener une action efficiente dans le domaine du d\u00e9veloppement et satisfaire les besoins des populations en l\u2019absence de ressources suffisantes pour alimenter leurs budgets et \u00eatre en mesure d\u2019ex\u00e9cuter leurs plans d\u2019action, notant que les collectivit\u00e9s territoriales ne doivent pas faire montre de r\u00e9flexion syst\u00e9mique en comptant essentiellement sur les contributions \u00e9tatiques.<\/p>\n<p>Apr\u00e8s avoir pass\u00e9 en revue les diff\u00e9rentes assises nationales organis\u00e9es au Maroc pour am\u00e9liorer le syst\u00e8me fiscal relatif aux collectivit\u00e9s locales, le gouverneur a relev\u00e9 que les collectivit\u00e9s territoriales relevant de la province souffrent de plusieurs difficult\u00e9s en mati\u00e8re de recouvrement et de collecte de leurs dettes, ce qui a un impact n\u00e9gatif sur le taux de participation des conseils territoriaux \u00e0 l\u2019investissement public.<\/p>\n<p>Pour faire face \u00e0 cette situation, il a \u00e9t\u00e9 d\u00e9cid\u00e9 de proc\u00e9der \u00e0 l\u2019\u00e9laboration de rapports p\u00e9riodiques pour assurer le suivi des recettes des communes entre autres mesures, a-t-il pr\u00e9cis\u00e9, invitant l\u2019ensemble des acteurs concern\u00e9s \u00e0 oeuvrer de concert pour transcender toutes les difficult\u00e9s en la mati\u00e8re.<\/p>\n<p>M. Hassan Sebtiri, tr\u00e9sorier provincial \u00e0\u00a0Essaouira, a mis en avant l\u2019importance de cette rencontre en termes de renforcement des capacit\u00e9s des collectivit\u00e9s territoriales en ce qui concerne le recouvrement des taxes et imp\u00f4ts locaux, avant de formuler une s\u00e9rie d\u2019observations et de remarques relatives \u00e0 la gestion des imp\u00f4ts locaux chez les services des collectivit\u00e9s territoriales.<\/p>\n<p>A ce propos, il a pass\u00e9 en revue une s\u00e9rie de probl\u00e9matiques d\u2019ordre g\u00e9n\u00e9ral concernant la m\u00e9thode d\u2019action de la division fiscale, celles li\u00e9es \u00e0 la gestion de chaque imp\u00f4t, avec un accent particulier mis sur certaines taxes locales eu \u00e9gard \u00e0 leur importance en termes de d\u00e9veloppement des ressources personnelles et de renforcement de l\u2019autonomie financi\u00e8re de ces collectivit\u00e9s.<\/p>\n<p>Il s\u2019est attard\u00e9 \u00e9galement sur le syst\u00e8me de gestion des taxes locales, en se r\u00e9f\u00e9rant aux dispositions des lois 47.06 et 30.89 relatives \u00e0 la fiscalit\u00e9 des collectivit\u00e9s locales.<\/p>\n<p>M. Wail Yaacoubi, chef de la Subdivision des Imp\u00f4ts \u00e0\u00a0Essaouira, a pr\u00e9sent\u00e9 un expos\u00e9 sur la bonne gestion des taxes locales en tant que levier fondamental pour l\u2019\u00e9dification du nouveau mod\u00e8le de d\u00e9veloppement, passant en revue les grandes \u00e9tapes historiques franchies par le syst\u00e8me des imp\u00f4ts locaux.<\/p>\n<p>Apr\u00e8s avoir mis en relief une s\u00e9rie d\u2019imperfections et de contraintes qui lestent la bonne gouvernance en mati\u00e8re d\u2019imp\u00f4ts locaux, il a jet\u00e9 la lumi\u00e8re sur certaines mesures prises pour rem\u00e9dier \u00e0 cette situation et permettre ainsi le d\u00e9veloppement des recettes fiscales au niveau local.<\/p>\n<p>Le pr\u00e9sident du Conseil communal d\u2019Essaouira, M. Hicham Jebbari, a estim\u00e9, quant \u00e0 lui, que les collectivit\u00e9s territoriales sont appel\u00e9es plus que jamais \u00e0 assumer de grandes responsabilit\u00e9s en mati\u00e8re de d\u00e9veloppement local et de satisfaction des besoins des citoyens et des entreprises et ce, conform\u00e9ment aux pr\u00e9rogatives qui leur sont confi\u00e9es par la loi.<\/p>\n<p>Et de poursuivre que cela requiert \u00e9galement la mobilisation de ressources financi\u00e8res permanentes fixes \u00e0 m\u00eame de transcender la difficult\u00e9 li\u00e9e au d\u00e9veloppement local afin de cr\u00e9er de la richesse et asseoir les bases d\u2019un d\u00e9veloppement local durable, rappelant que les recettes fiscales communales, en tant que composante du syst\u00e8me fiscal national, constituent \u00e9galement l\u2019un des m\u00e9canismes de la politique \u00e9conomique et sociale, car permettant aux d\u00e9cideurs de disposer de ressources financi\u00e8res n\u00e9cessaires au financement des services publics de proximit\u00e9.<\/p>\n<p>Dans la foul\u00e9e, il a pass\u00e9 en revue une s\u00e9rie de mesures adopt\u00e9es et d\u2019actions entreprises tout au long des ann\u00e9es financi\u00e8res pr\u00e9c\u00e9dentes, par le Conseil communal d\u2019Essaouira\u00a0pour plus d\u2019efficacit\u00e9 et d\u2019efficience en mati\u00e8re de recouvrement coordonn\u00e9 et homog\u00e8ne des recettes fiscales, avec un accent particulier sur la dotation des services fiscaux communaux en comp\u00e9tences humaines n\u00e9cessaires.<\/p>\n<\/div>\n<p>Auteur: Mohammed KOURSI<br \/>\n<a href=\"http:\/\/www.mapmarrakech.ma\/fr\/focus-sur-la-fiscalite-des-collectivites-territoriales\/\">Cliquez ici pour lire l&rsquo;article depuis sa source.<\/a><\/p>\n","protected":false},"excerpt":{"rendered":"<p>Essaouira- Une journ\u00e9e d\u2019\u00e9tude sur les moyens \u00e0 mettre en oeuvre en faveur du d\u00e9veloppement des ressources financi\u00e8res des collectivit\u00e9s territoriales, a \u00e9t\u00e9 tenue lundi au si\u00e8ge de la province d\u2019Essaouira. Cette rencontre, \u00e0 laquelle ont pris part les repr\u00e9sentants des autorit\u00e9s locales, des responsables du secteur des imp\u00f4ts et de la fiscalit\u00e9, des \u00e9lus [&hellip;]<\/p>\n","protected":false},"author":1788,"featured_media":0,"comment_status":"closed","ping_status":"closed","sticky":false,"template":"","format":"standard","meta":{"fifu_image_url":"","fifu_image_alt":"","footnotes":""},"categories":[54,76],"tags":[],"class_list":["post-61405","post","type-post","status-publish","format-standard","hentry","category-maroc","category-regions"],"_links":{"self":[{"href":"https:\/\/linitiative.ca\/International\/wp-json\/wp\/v2\/posts\/61405","targetHints":{"allow":["GET"]}}],"collection":[{"href":"https:\/\/linitiative.ca\/International\/wp-json\/wp\/v2\/posts"}],"about":[{"href":"https:\/\/linitiative.ca\/International\/wp-json\/wp\/v2\/types\/post"}],"author":[{"embeddable":true,"href":"https:\/\/linitiative.ca\/International\/wp-json\/wp\/v2\/users\/1788"}],"replies":[{"embeddable":true,"href":"https:\/\/linitiative.ca\/International\/wp-json\/wp\/v2\/comments?post=61405"}],"version-history":[{"count":0,"href":"https:\/\/linitiative.ca\/International\/wp-json\/wp\/v2\/posts\/61405\/revisions"}],"wp:attachment":[{"href":"https:\/\/linitiative.ca\/International\/wp-json\/wp\/v2\/media?parent=61405"}],"wp:term":[{"taxonomy":"category","embeddable":true,"href":"https:\/\/linitiative.ca\/International\/wp-json\/wp\/v2\/categories?post=61405"},{"taxonomy":"post_tag","embeddable":true,"href":"https:\/\/linitiative.ca\/International\/wp-json\/wp\/v2\/tags?post=61405"}],"curies":[{"name":"wp","href":"https:\/\/api.w.org\/{rel}","templated":true}]}}