{"id":61406,"date":"2019-09-17T12:43:55","date_gmt":"2019-09-17T16:43:55","guid":{"rendered":"https:\/\/linitiative.ca\/International\/un-million-de-cartables-83-894-beneficiaires-a-essaouira\/"},"modified":"2019-09-17T12:43:55","modified_gmt":"2019-09-17T16:43:55","slug":"un-million-de-cartables-83-894-beneficiaires-a-essaouira","status":"publish","type":"post","link":"https:\/\/linitiative.ca\/International\/un-million-de-cartables-83-894-beneficiaires-a-essaouira\/","title":{"rendered":"Un million de cartables: 83.894 b\u00e9n\u00e9ficiaires \u00e0 Essaouira"},"content":{"rendered":"<div readability=\"37\">\n<p>Essaouira- Le nombre de b\u00e9n\u00e9ficiaires de l\u2019Initiative Royale \u00ab\u00a0Un million de Cartables\u00a0\u00bb au niveau de la province d\u2019Essaouira a atteint, au titre de l\u2019actuelle ann\u00e9e scolaire, un total de 83.894 \u00e9l\u00e8ves contre seulement 82.162 \u00e9coliers et \u00e9coli\u00e8res lors de l\u2019ann\u00e9e scolaire pr\u00e9c\u00e9dente.<\/p>\n<\/div>\n<div readability=\"81\">\n<p>Selon les statistiques communiqu\u00e9es par la direction provinciale de l\u2019Education nationale d\u2019Essaouira, sur ce total, ce sont 39.379 \u00e9coli\u00e8res et 44.515 \u00e9coliers, qui ont pu b\u00e9n\u00e9ficier de cette action destin\u00e9e \u00e0 promouvoir et \u00e0 encourager la scolarisation et \u00e0 venir en aide aux enfants issus de milieux d\u00e9favoris\u00e9s.<\/p>\n<p>Le nombre de b\u00e9n\u00e9ficiaires de cette initiative dans le monde rural au titre de l\u2019ann\u00e9e scolaire 2019-2020 s\u2019\u00e9l\u00e8ve \u00e0 73.753 \u00e9coliers et \u00e9coli\u00e8res, contre seulement 71.541 b\u00e9n\u00e9ficiaires lors de la pr\u00e9c\u00e9dente ann\u00e9e scolaire, outre 10.141 b\u00e9n\u00e9ficiaires en milieu urbain (10.621 \u00e9l\u00e8ves au titre de la pr\u00e9c\u00e9dente rentr\u00e9e scolaire), pr\u00e9cise-t-on de m\u00eame source.<\/p>\n<p>Et de faire observer que la plus grande part de b\u00e9n\u00e9ficiaires a \u00e9t\u00e9 enregistr\u00e9e au niveau du cycle primaire, soit quelque 71.021 \u00e9l\u00e8ves, suivi par le cycle secondaire coll\u00e9gial, avec 12.873 \u00e9tudiants et \u00e9tudiantes.<\/p>\n<p>Le nombre de b\u00e9n\u00e9ficiaires de kits scolaires complets au titre de l\u2019actuelle ann\u00e9e scolaire a atteint 27.316 \u00e9l\u00e8ves, dont 13.208 \u00e9coli\u00e8res, note la m\u00eame source, pr\u00e9cisant que le nombre des \u00e9tablissements scolaires cibl\u00e9s par cette Initiative Royale est de l\u2019ordre de 176, dont 155 \u00e9tablissements d\u2019enseignement primaire et 21 pour ce qui est du cycle secondaire coll\u00e9gial.<\/p>\n<p>Sur le total des \u00e9tablissements cibl\u00e9s, quelque 155 se situent dans le monde rural, dont 134 pour le primaire et 21 pour le secondaire coll\u00e9gial, indique la m\u00eame source, soulignant qu\u2019une batterie de mesures ont \u00e9t\u00e9 adopt\u00e9es afin d\u2019assurer \u00e0 cette Initiative toutes les conditions de succ\u00e8s au niveau provincial.<\/p>\n<p>A noter que la c\u00e9r\u00e9monie de lancement de cette initiative Royale au niveau de la province d\u2019Essaouira\u00a0a eu lieu, le weekend dernier, en pr\u00e9sence notamment du gouverneur de la province, M. Adil El Maliki, des repr\u00e9sentants des autorit\u00e9s locales, de cadres p\u00e9dagogiques et \u00e9ducatifs ainsi que d\u2019autres personnalit\u00e9s.<\/p>\n<\/div>\n<p>Auteur: Mohammed KOURSI<br \/>\n<a href=\"http:\/\/www.mapmarrakech.ma\/fr\/un-million-de-cartables-83-894-beneficiaires-a-essaouira\/\">Cliquez ici pour lire l&rsquo;article depuis sa source.<\/a><\/p>\n","protected":false},"excerpt":{"rendered":"<p>Essaouira- Le nombre de b\u00e9n\u00e9ficiaires de l\u2019Initiative Royale \u00ab\u00a0Un million de Cartables\u00a0\u00bb au niveau de la province d\u2019Essaouira a atteint, au titre de l\u2019actuelle ann\u00e9e scolaire, un total de 83.894 \u00e9l\u00e8ves contre seulement 82.162 \u00e9coliers et \u00e9coli\u00e8res lors de l\u2019ann\u00e9e scolaire pr\u00e9c\u00e9dente. Selon les statistiques communiqu\u00e9es par la direction provinciale de l\u2019Education nationale d\u2019Essaouira, sur [&hellip;]<\/p>\n","protected":false},"author":1788,"featured_media":0,"comment_status":"closed","ping_status":"closed","sticky":false,"template":"","format":"standard","meta":{"fifu_image_url":"","fifu_image_alt":"","footnotes":""},"categories":[54,76],"tags":[],"class_list":["post-61406","post","type-post","status-publish","format-standard","hentry","category-maroc","category-regions"],"_links":{"self":[{"href":"https:\/\/linitiative.ca\/International\/wp-json\/wp\/v2\/posts\/61406","targetHints":{"allow":["GET"]}}],"collection":[{"href":"https:\/\/linitiative.ca\/International\/wp-json\/wp\/v2\/posts"}],"about":[{"href":"https:\/\/linitiative.ca\/International\/wp-json\/wp\/v2\/types\/post"}],"author":[{"embeddable":true,"href":"https:\/\/linitiative.ca\/International\/wp-json\/wp\/v2\/users\/1788"}],"replies":[{"embeddable":true,"href":"https:\/\/linitiative.ca\/International\/wp-json\/wp\/v2\/comments?post=61406"}],"version-history":[{"count":0,"href":"https:\/\/linitiative.ca\/International\/wp-json\/wp\/v2\/posts\/61406\/revisions"}],"wp:attachment":[{"href":"https:\/\/linitiative.ca\/International\/wp-json\/wp\/v2\/media?parent=61406"}],"wp:term":[{"taxonomy":"category","embeddable":true,"href":"https:\/\/linitiative.ca\/International\/wp-json\/wp\/v2\/categories?post=61406"},{"taxonomy":"post_tag","embeddable":true,"href":"https:\/\/linitiative.ca\/International\/wp-json\/wp\/v2\/tags?post=61406"}],"curies":[{"name":"wp","href":"https:\/\/api.w.org\/{rel}","templated":true}]}}