{"id":61409,"date":"2019-09-17T09:23:01","date_gmt":"2019-09-17T13:23:01","guid":{"rendered":"https:\/\/linitiative.ca\/International\/elevage-camelin-a-ouargla-lancement-dune-operation-dassainissement-de-la-filiere\/"},"modified":"2019-09-17T09:23:01","modified_gmt":"2019-09-17T13:23:01","slug":"elevage-camelin-a-ouargla-lancement-dune-operation-dassainissement-de-la-filiere","status":"publish","type":"post","link":"https:\/\/linitiative.ca\/International\/elevage-camelin-a-ouargla-lancement-dune-operation-dassainissement-de-la-filiere\/","title":{"rendered":"Elevage camelin \u00e0 Ouargla : lancement d\u2019une op\u00e9ration d\u2019assainissement de la fili\u00e8re"},"content":{"rendered":"<div>\n<div class=\"K2FeedImage\"><img decoding=\"async\" src=\"http:\/\/www.aps.dz\/media\/k2\/items\/cache\/a31737e71680ff112a9ddaa7099f6dac_S.jpg\" alt=\"Elevage camelin \u00e0 Ouargla : lancement d\u2019une op\u00e9ration d\u2019assainissement de la fili\u00e8re\"><\/div>\n<div class=\"K2FeedIntroText\">\n<p><strong>OUARGLA &#8211; Une op\u00e9ration monographique d\u2019envergure concernant l\u2019\u00e9levage camelin et recensant le cheptel et les chameliers, a \u00e9t\u00e9 lanc\u00e9e en d\u00e9but du mois de septembre en cours dans la wilaya d\u2019Ouargla pour servir de base de donn\u00e9es \u00e0 la fili\u00e8re, a-t-on appris mardi aupr\u00e8s de la Chambre locale de l\u2019agriculture (CA).<\/strong><\/p>\n<\/div>\n<div class=\"K2FeedFullText\">\n<p>Survenant dans le sillage des efforts du minist\u00e8re de l\u2019Agriculture, du D\u00e9veloppement rural et de la P\u00eache (MADRP) visant \u00e0 organiser la fili\u00e8re, cette op\u00e9ration de statistique, lanc\u00e9e en coordination avec les associations activant dans le domaine, s\u2019assigne comme objectifs l\u2019organisation et la pr\u00e9servation de l\u2019\u00e9levage camelin, une des vocations de la r\u00e9gion, ainsi que l\u2019examen des m\u00e9canismes d\u2019int\u00e9gration de l\u2019\u00e9levage camelin comme facteur de d\u00e9veloppement \u00e9conomique, a indiqu\u00e9 le pr\u00e9sident de la CA, Choukri Bouziane.<\/p>\n<p>Cette campagne vise \u00e9galement \u00e0 inviter les chameliers \u00e0 s\u2019immatriculer \u00e0 la Chambre pour b\u00e9n\u00e9ficier de la carte professionnelle contenant les donn\u00e9es et coordonn\u00e9es personnelles des chameliers et les signes de marquage de leurs b\u00eates.<\/p>\n<p>Une commission d\u2019enqu\u00eate et d\u2019inspection de terrain devra entamer avant la fin de l\u2019ann\u00e9e en cours, conform\u00e9ment \u00e0 l\u2019instruction du MADRP N-1201 du 29 juillet dernier, l\u2019op\u00e9ration de r\u00e9-immatriculation finale des \u00e9leveurs et le recensement du cheptel camelin, a expliqu\u00e9 M. Bouziane.<\/p>\n<hr>\n<p><strong>Lire aussi:<\/strong>\u00a0<a href=\"http:\/\/www.aps.dz\/economie\/94089-election-du-president-du-conseil-national-d-elevage-camelin-et-des-membres-de-son-bureau\">Election du pr\u00e9sident du Conseil national d&rsquo;\u00e9levage camelin et des membres de son bureau<\/a><\/p>\n<hr>\n<p>Le m\u00eame responsable s\u2019est f\u00e9licit\u00e9 de la compr\u00e9hension manifest\u00e9e par les chameliers dans le but d\u2019aplanir certaines contraintes, dont la transhumance traditionnelle dit \u2018\u2019El-H\u2019mil\u2019\u2019 et consistant en la transhumance incontr\u00f4l\u00e9e des b\u00eates en plein d\u00e9sert sans leurs \u00e9leveurs, qui constitue, selon les professionnels, une des m\u00e9thodes n\u00e9fastes d\u2019\u00e9levage camelin.<\/p>\n<p>Il a, en outre, appel\u00e9 \u00e0 sensibiliser les \u00e9leveurs afin de renoncer \u00e0 cette m\u00e9thode comportant de nombreux risques li\u00e9s aux accidents de la route, aux dangers des chiens errants, notamment pour les chamelons, au vol de bestiaux devenu fr\u00e9quent ces derniers temps, et aux intoxications engendr\u00e9es par les bourbiers abandonn\u00e9s par les compagnies p\u00e9troli\u00e8res op\u00e9rant dans la r\u00e9gion et qui ont \u00e9t\u00e9 \u00e0 l\u2019origine de la mort de 70 t\u00eates.<\/p>\n<p>La Chambre de l\u2019Agriculture organise, en coordination avec les associations locales concern\u00e9es, des rencontres p\u00e9riodiques avec les chameliers pour cerner les contraintes qu\u2019ils rencontrent (mort des chameaux, manque de m\u00e9dicaments, accidents de circulation et autres).<\/p>\n<p>Le pr\u00e9sident de l\u2019association de protection des cam\u00e9lid\u00e9s de la commune d\u2019Ain El-Beida, Mansour Benmansour, a, de son cot\u00e9, mis en avant la n\u00e9cessaire coordination des efforts des diff\u00e9rents acteurs de la fili\u00e8re pour la pr\u00e9servation de cette richesse animale, source vivri\u00e8re pour de nombreuses familles dans la r\u00e9gion, et la promotion de l\u2019\u00e9levage camelin en g\u00e9n\u00e9ral.<\/p>\n<\/div>\n<\/div>\n<p>Auteur:<br \/>\n<a href=\"http:\/\/www.aps.dz\/regions\/94500-elevage-camelin-a-ouargla-lancement-d-une-operation-d-assainissement-de-la-filiere\">Cliquez ici pour lire l&rsquo;article depuis sa source.<\/a><\/p>\n","protected":false},"excerpt":{"rendered":"<p>OUARGLA &#8211; Une op\u00e9ration monographique d\u2019envergure concernant l\u2019\u00e9levage camelin et recensant le cheptel et les chameliers, a \u00e9t\u00e9 lanc\u00e9e en d\u00e9but du mois de septembre en cours dans la wilaya d\u2019Ouargla pour servir de base de donn\u00e9es \u00e0 la fili\u00e8re, a-t-on appris mardi aupr\u00e8s de la Chambre locale de l\u2019agriculture (CA). Survenant dans le sillage [&hellip;]<\/p>\n","protected":false},"author":1790,"featured_media":61410,"comment_status":"closed","ping_status":"closed","sticky":false,"template":"","format":"standard","meta":{"fifu_image_url":"","fifu_image_alt":"","footnotes":""},"categories":[53,76],"tags":[],"class_list":["post-61409","post","type-post","status-publish","format-standard","has-post-thumbnail","hentry","category-algerie","category-regions"],"_links":{"self":[{"href":"https:\/\/linitiative.ca\/International\/wp-json\/wp\/v2\/posts\/61409","targetHints":{"allow":["GET"]}}],"collection":[{"href":"https:\/\/linitiative.ca\/International\/wp-json\/wp\/v2\/posts"}],"about":[{"href":"https:\/\/linitiative.ca\/International\/wp-json\/wp\/v2\/types\/post"}],"author":[{"embeddable":true,"href":"https:\/\/linitiative.ca\/International\/wp-json\/wp\/v2\/users\/1790"}],"replies":[{"embeddable":true,"href":"https:\/\/linitiative.ca\/International\/wp-json\/wp\/v2\/comments?post=61409"}],"version-history":[{"count":0,"href":"https:\/\/linitiative.ca\/International\/wp-json\/wp\/v2\/posts\/61409\/revisions"}],"wp:featuredmedia":[{"embeddable":true,"href":"https:\/\/linitiative.ca\/International\/wp-json\/"}],"wp:attachment":[{"href":"https:\/\/linitiative.ca\/International\/wp-json\/wp\/v2\/media?parent=61409"}],"wp:term":[{"taxonomy":"category","embeddable":true,"href":"https:\/\/linitiative.ca\/International\/wp-json\/wp\/v2\/categories?post=61409"},{"taxonomy":"post_tag","embeddable":true,"href":"https:\/\/linitiative.ca\/International\/wp-json\/wp\/v2\/tags?post=61409"}],"curies":[{"name":"wp","href":"https:\/\/api.w.org\/{rel}","templated":true}]}}