{"id":61413,"date":"2019-09-17T12:26:07","date_gmt":"2019-09-17T16:26:07","guid":{"rendered":"https:\/\/linitiative.ca\/International\/effondrement-partiel-dun-immeuble-a-oran-sauvetage-de-deux-personnes-coincees-sous-les-decombres\/"},"modified":"2019-09-17T12:26:07","modified_gmt":"2019-09-17T16:26:07","slug":"effondrement-partiel-dun-immeuble-a-oran-sauvetage-de-deux-personnes-coincees-sous-les-decombres","status":"publish","type":"post","link":"https:\/\/linitiative.ca\/International\/effondrement-partiel-dun-immeuble-a-oran-sauvetage-de-deux-personnes-coincees-sous-les-decombres\/","title":{"rendered":"Effondrement partiel d\u2019un immeuble \u00e0 Oran: sauvetage de deux personnes coinc\u00e9es sous les d\u00e9combres"},"content":{"rendered":"<div>\n<div class=\"K2FeedImage\"><img decoding=\"async\" src=\"http:\/\/www.aps.dz\/media\/k2\/items\/cache\/8616d867b48f15117e001ee2b79525be_S.jpg\" alt=\"Effondrement partiel d\u2019un immeuble \u00e0 Oran: sauvetage de deux personnes coinc\u00e9es sous les d\u00e9combres\"><\/div>\n<div class=\"K2FeedIntroText\">\n<p><strong>ORAN- Les agents de la protection civile d\u2019Oran ont r\u00e9ussi, lundi soir, \u00e0 secourir deux femmes coinc\u00e9es sous les d\u00e9combres suite \u00e0 l\u2019effondrement partiel d\u2019un vieil immeuble au centre-ville d\u2019Oran.<\/strong><\/p>\n<\/div>\n<div class=\"K2FeedFullText\">\n<p>Il s\u2019agit de deux femmes \u00e2g\u00e9es de 43 et 80 ans qui \u00e9taient coinc\u00e9es au troisi\u00e8me \u00e9tage de l&rsquo;immeuble sis \u00e0 la place Valero dont le toit s\u2019est effondr\u00e9. Elles ont \u00e9t\u00e9 secourues et ne pr\u00e9sentent pas de blessures, a-t-on indiqu\u00e9.<\/p>\n<p>Les services de la protection civile ont mobilis\u00e9 pour cette op\u00e9ration, d\u2019importants moyens humains et mat\u00e9riels dont 20 pompiers de diff\u00e9rents grades, un camion de secours, un autre avec ascenseur m\u00e9canique et une ambulance.<\/p>\n<p>A noter que la protection civile a enregistr\u00e9, lundi et mardi, 9 accidents de la circulation faisant 14 bless\u00e9s \u00e0 des degr\u00e9s diff\u00e9rents de gravit\u00e9 sur les r\u00e9seaux routiers de la wilaya.<\/p>\n<p>\u00a0<\/p>\n<\/div>\n<\/div>\n<p>Auteur:<br \/>\n<a href=\"http:\/\/www.aps.dz\/regions\/94515-effondrement-partiel-d-un-immeuble-a-oran-sauvetage-de-deux-personnes-coincees-sous-les-decombres\">Cliquez ici pour lire l&rsquo;article depuis sa source.<\/a><\/p>\n","protected":false},"excerpt":{"rendered":"<p>ORAN- Les agents de la protection civile d\u2019Oran ont r\u00e9ussi, lundi soir, \u00e0 secourir deux femmes coinc\u00e9es sous les d\u00e9combres suite \u00e0 l\u2019effondrement partiel d\u2019un vieil immeuble au centre-ville d\u2019Oran. Il s\u2019agit de deux femmes \u00e2g\u00e9es de 43 et 80 ans qui \u00e9taient coinc\u00e9es au troisi\u00e8me \u00e9tage de l&rsquo;immeuble sis \u00e0 la place Valero dont [&hellip;]<\/p>\n","protected":false},"author":1790,"featured_media":61414,"comment_status":"closed","ping_status":"closed","sticky":false,"template":"","format":"standard","meta":{"fifu_image_url":"","fifu_image_alt":"","footnotes":""},"categories":[53,76],"tags":[],"class_list":["post-61413","post","type-post","status-publish","format-standard","has-post-thumbnail","hentry","category-algerie","category-regions"],"_links":{"self":[{"href":"https:\/\/linitiative.ca\/International\/wp-json\/wp\/v2\/posts\/61413","targetHints":{"allow":["GET"]}}],"collection":[{"href":"https:\/\/linitiative.ca\/International\/wp-json\/wp\/v2\/posts"}],"about":[{"href":"https:\/\/linitiative.ca\/International\/wp-json\/wp\/v2\/types\/post"}],"author":[{"embeddable":true,"href":"https:\/\/linitiative.ca\/International\/wp-json\/wp\/v2\/users\/1790"}],"replies":[{"embeddable":true,"href":"https:\/\/linitiative.ca\/International\/wp-json\/wp\/v2\/comments?post=61413"}],"version-history":[{"count":0,"href":"https:\/\/linitiative.ca\/International\/wp-json\/wp\/v2\/posts\/61413\/revisions"}],"wp:featuredmedia":[{"embeddable":true,"href":"https:\/\/linitiative.ca\/International\/wp-json\/"}],"wp:attachment":[{"href":"https:\/\/linitiative.ca\/International\/wp-json\/wp\/v2\/media?parent=61413"}],"wp:term":[{"taxonomy":"category","embeddable":true,"href":"https:\/\/linitiative.ca\/International\/wp-json\/wp\/v2\/categories?post=61413"},{"taxonomy":"post_tag","embeddable":true,"href":"https:\/\/linitiative.ca\/International\/wp-json\/wp\/v2\/tags?post=61413"}],"curies":[{"name":"wp","href":"https:\/\/api.w.org\/{rel}","templated":true}]}}