{"id":61415,"date":"2019-09-16T18:27:46","date_gmt":"2019-09-16T22:27:46","guid":{"rendered":"https:\/\/linitiative.ca\/International\/un-million-de-cartables-plus-de-15-000-beneficiaires\/"},"modified":"2019-09-16T18:27:46","modified_gmt":"2019-09-16T22:27:46","slug":"un-million-de-cartables-plus-de-15-000-beneficiaires","status":"publish","type":"post","link":"https:\/\/linitiative.ca\/International\/un-million-de-cartables-plus-de-15-000-beneficiaires\/","title":{"rendered":"\u00ab Un million de cartables \u00bb: Plus de 15.000 b\u00e9n\u00e9ficiaires"},"content":{"rendered":"<p class=\"c1\">Plus de 15.000 \u00e9l\u00e8ves dans la province de Jerada ont b\u00e9n\u00e9fici\u00e9 de l\u2019initiative royale \u00ab\u00a0Un million de cartables\u00a0\u00bb au titre de l\u2019ann\u00e9e scolaire 2019-2020.<\/p>\n<p class=\"c1\">Selon des donn\u00e9es de la pr\u00e9fecture de la province de Jerada, 7.418 \u00e9l\u00e8ves en milieu urbain (enseignement primaire) et 7.676 en milieu rural (primaire et secondaire coll\u00e9gial) ont b\u00e9n\u00e9fici\u00e9 de cette initiative, soit un total de 15.049 gar\u00e7ons et filles, et ce pour un co\u00fbt global de 1.319.999 dirhams mobilis\u00e9 dans le cadre de l\u2019INDH.<\/p>\n<p class=\"c1\">Ainsi, une op\u00e9ration de distribution de cartables et fournitures scolaires \u00e0 des \u00e9l\u00e8ves b\u00e9n\u00e9ficiaires a eu lieu, lundi dans la commune de A\u00efn Bni Mathar, sous la supervision du gouverneur de la province, Mabrouk Tabet, qui s\u2019est enquis par la m\u00eame occasion du d\u00e9roulement de la nouvelle rentr\u00e9e scolaire.<\/p>\n<p class=\"c1\">M. Tabet a proc\u00e9d\u00e9 par ailleurs \u00e0 l\u2019inauguration de l\u2019\u00e9cole \u00ab\u00a0Ibn Hazm\u00a0\u00bb qui a \u00e9t\u00e9 r\u00e9alis\u00e9e pour une enveloppe de 5,4 millions de dirhams (MDH) et d\u2019un internat du lyc\u00e9e qualifiant \u00ab\u00a0Ibn Khaldoun\u00a0\u00bb qui a n\u00e9cessit\u00e9 un investissement de l\u2019ordre de 3,8 MDH.<\/p>\n<p class=\"c1\">D\u2019une capacit\u00e9 d\u2019accueil de 80 lits, ce projet a \u00e9t\u00e9 men\u00e9 par l\u2019Acad\u00e9mie r\u00e9gionale de l\u2019Education et de la Formation (AREF) de l\u2019Oriental pour l\u2019encouragement de l\u2019enseignement, la lutte contre la d\u00e9perdition scolaire, la promotion de l\u2019\u00e9galit\u00e9 des chances et l\u2019am\u00e9lioration du niveau d\u2019enseignement.<\/p>\n<p class=\"c1\">Il a \u00e9t\u00e9 \u00e9galement proc\u00e9d\u00e9 dans la m\u00eame commune \u00e0 l\u2019inauguration d\u2019une \u00e9cole au quartier Ziani r\u00e9alis\u00e9e par l\u2019AREF dans le cadre de son engagement pour la construction d\u2019une quarantaine d\u2019unit\u00e9s scolaires.<\/p>\n<p class=\"c1\">Le gouverneur de la province de Jerada a inaugur\u00e9 aussi trois classes d\u00e9di\u00e9es au pr\u00e9scolaire r\u00e9alis\u00e9es dans le cadre d\u2019un programme de cr\u00e9ation de 31 unit\u00e9s d\u2019enseignement pr\u00e9scolaire (20 en milieu rural) pour un co\u00fbt global de 3 MDH assur\u00e9 par l\u2019INDH dans le cadre du programme de d\u00e9veloppement de la province de Jerada 2018-2020, pr\u00e9cise la m\u00eame source.<\/p>\n<p class=\"c1\">Et d\u2019ajouter qu\u2019une enveloppe de 2,7 millions de dirhams sera consacr\u00e9e dans le cadre de la troisi\u00e8me phase de l\u2019INDH \u00e0 l\u2019\u00e9quipement et la gestion pendant une dur\u00e9e de deux ann\u00e9es de 20 unit\u00e9s d\u2019enseignement pr\u00e9scolaire en milieu rural.<\/p>\n<p>Auteur: Soufiane ELAHMAR<br \/>\n<a href=\"http:\/\/www.mapoujda.ma\/fr\/un-million-de-cartables-plus-de-15-000-beneficiaires\/\">Cliquez ici pour lire l&rsquo;article depuis sa source.<\/a><\/p>\n","protected":false},"excerpt":{"rendered":"<p>Plus de 15.000 \u00e9l\u00e8ves dans la province de Jerada ont b\u00e9n\u00e9fici\u00e9 de l\u2019initiative royale \u00ab\u00a0Un million de cartables\u00a0\u00bb au titre de l\u2019ann\u00e9e scolaire 2019-2020. Selon des donn\u00e9es de la pr\u00e9fecture de la province de Jerada, 7.418 \u00e9l\u00e8ves en milieu urbain (enseignement primaire) et 7.676 en milieu rural (primaire et secondaire coll\u00e9gial) ont b\u00e9n\u00e9fici\u00e9 de cette [&hellip;]<\/p>\n","protected":false},"author":1788,"featured_media":0,"comment_status":"closed","ping_status":"closed","sticky":false,"template":"","format":"standard","meta":{"fifu_image_url":"","fifu_image_alt":"","footnotes":""},"categories":[54,76],"tags":[],"class_list":["post-61415","post","type-post","status-publish","format-standard","hentry","category-maroc","category-regions"],"_links":{"self":[{"href":"https:\/\/linitiative.ca\/International\/wp-json\/wp\/v2\/posts\/61415","targetHints":{"allow":["GET"]}}],"collection":[{"href":"https:\/\/linitiative.ca\/International\/wp-json\/wp\/v2\/posts"}],"about":[{"href":"https:\/\/linitiative.ca\/International\/wp-json\/wp\/v2\/types\/post"}],"author":[{"embeddable":true,"href":"https:\/\/linitiative.ca\/International\/wp-json\/wp\/v2\/users\/1788"}],"replies":[{"embeddable":true,"href":"https:\/\/linitiative.ca\/International\/wp-json\/wp\/v2\/comments?post=61415"}],"version-history":[{"count":0,"href":"https:\/\/linitiative.ca\/International\/wp-json\/wp\/v2\/posts\/61415\/revisions"}],"wp:attachment":[{"href":"https:\/\/linitiative.ca\/International\/wp-json\/wp\/v2\/media?parent=61415"}],"wp:term":[{"taxonomy":"category","embeddable":true,"href":"https:\/\/linitiative.ca\/International\/wp-json\/wp\/v2\/categories?post=61415"},{"taxonomy":"post_tag","embeddable":true,"href":"https:\/\/linitiative.ca\/International\/wp-json\/wp\/v2\/tags?post=61415"}],"curies":[{"name":"wp","href":"https:\/\/api.w.org\/{rel}","templated":true}]}}