{"id":61416,"date":"2019-09-17T15:13:56","date_gmt":"2019-09-17T19:13:56","guid":{"rendered":"https:\/\/linitiative.ca\/International\/international-psg-le-tas-reduit-la-suspension-de-neymar\/"},"modified":"2019-09-17T15:13:56","modified_gmt":"2019-09-17T19:13:56","slug":"international-psg-le-tas-reduit-la-suspension-de-neymar","status":"publish","type":"post","link":"https:\/\/linitiative.ca\/International\/international-psg-le-tas-reduit-la-suspension-de-neymar\/","title":{"rendered":"International : PSG: le TAS r\u00e9duit la suspension de Neymar"},"content":{"rendered":"<div readability=\"32\">\n<p>Auteur : <span class=\"time\">mardi 17 septembre 2019 14:22<\/span><\/p>\n<\/div>\n<div id=\"post_core\" readability=\"41\">\n<p>Suspendu pour trois matches apr\u00e8s ses critiques \u00e0 l\u2019encontre de l\u2019arbitre de Paris SG-Manchester United en 8e de finale retour de Ligue des Champions la saison pass\u00e9e, Neymar a vu le Tribunal Arbitral du Sport r\u00e9duire sa sanction. L\u2019instance, apr\u00e8s avoir \u00e9tudi\u00e9 l\u2019appel d\u00e9pos\u00e9 par le club parisien et le Br\u00e9silien, puis entendu toutes les parties, a d\u00e9cid\u00e9 de revoir la sanction \u00ab \u00e0 deux matches de comp\u00e9titions UEFA pour lesquels le joueur serait \u00e9ligible \u00bb, comme annonc\u00e9 via un communiqu\u00e9. Le n\u00b0 10 du PSG pourra donc faire son retour en C1 pour le 3e match du Groupe A, sur la pelouse du FC Bruges rapporte Foot Mercato.<\/p>\n<p><strong>Publi\u00e9 dans :<\/strong> <span>neymar<\/span><\/p>\n<\/div>\n<p>Auteur:<br \/>\n<a href=\"http:\/\/www.lebuteur.com\/article\/detail?titre=psg-le-tas-reduit-la-suspension-de-neymar&#038;id=91738&#038;utm_source=feedburner&#038;utm_medium=feed&#038;utm_campaign=Feed%3A+GalerieFArtciles+%28Les+derniers+articles++-+lebuteur.com%29\">Cliquez ici pour lire l&rsquo;article depuis sa source.<\/a><\/p>\n","protected":false},"excerpt":{"rendered":"<p>Auteur : mardi 17 septembre 2019 14:22 Suspendu pour trois matches apr\u00e8s ses critiques \u00e0 l\u2019encontre de l\u2019arbitre de Paris SG-Manchester United en 8e de finale retour de Ligue des Champions la saison pass\u00e9e, Neymar a vu le Tribunal Arbitral du Sport r\u00e9duire sa sanction. L\u2019instance, apr\u00e8s avoir \u00e9tudi\u00e9 l\u2019appel d\u00e9pos\u00e9 par le club parisien [&hellip;]<\/p>\n","protected":false},"author":1738,"featured_media":61417,"comment_status":"closed","ping_status":"closed","sticky":false,"template":"","format":"standard","meta":{"fifu_image_url":"","fifu_image_alt":"","footnotes":""},"categories":[53,75],"tags":[],"class_list":["post-61416","post","type-post","status-publish","format-standard","has-post-thumbnail","hentry","category-algerie","category-sport"],"_links":{"self":[{"href":"https:\/\/linitiative.ca\/International\/wp-json\/wp\/v2\/posts\/61416","targetHints":{"allow":["GET"]}}],"collection":[{"href":"https:\/\/linitiative.ca\/International\/wp-json\/wp\/v2\/posts"}],"about":[{"href":"https:\/\/linitiative.ca\/International\/wp-json\/wp\/v2\/types\/post"}],"author":[{"embeddable":true,"href":"https:\/\/linitiative.ca\/International\/wp-json\/wp\/v2\/users\/1738"}],"replies":[{"embeddable":true,"href":"https:\/\/linitiative.ca\/International\/wp-json\/wp\/v2\/comments?post=61416"}],"version-history":[{"count":0,"href":"https:\/\/linitiative.ca\/International\/wp-json\/wp\/v2\/posts\/61416\/revisions"}],"wp:featuredmedia":[{"embeddable":true,"href":"https:\/\/linitiative.ca\/International\/wp-json\/"}],"wp:attachment":[{"href":"https:\/\/linitiative.ca\/International\/wp-json\/wp\/v2\/media?parent=61416"}],"wp:term":[{"taxonomy":"category","embeddable":true,"href":"https:\/\/linitiative.ca\/International\/wp-json\/wp\/v2\/categories?post=61416"},{"taxonomy":"post_tag","embeddable":true,"href":"https:\/\/linitiative.ca\/International\/wp-json\/wp\/v2\/tags?post=61416"}],"curies":[{"name":"wp","href":"https:\/\/api.w.org\/{rel}","templated":true}]}}