{"id":61430,"date":"2019-09-17T10:53:49","date_gmt":"2019-09-17T14:53:49","guid":{"rendered":"https:\/\/linitiative.ca\/International\/94501-ag-extraordinaire-de-la-faf-adoption-d-un-nouveau-systeme-de-competition\/"},"modified":"2019-09-17T10:53:49","modified_gmt":"2019-09-17T14:53:49","slug":"94501-ag-extraordinaire-de-la-faf-adoption-d-un-nouveau-systeme-de-competition","status":"publish","type":"post","link":"https:\/\/linitiative.ca\/International\/94501-ag-extraordinaire-de-la-faf-adoption-d-un-nouveau-systeme-de-competition\/","title":{"rendered":"AG extraordinaire de la FAF : adoption d&rsquo;un nouveau syst\u00e8me de comp\u00e9tition"},"content":{"rendered":"<div>\n<div class=\"K2FeedImage\"><img decoding=\"async\" src=\"http:\/\/www.aps.dz\/media\/k2\/items\/cache\/ca2aa1b6a9f92c2dbd3dcf668d1ffc20_S.jpg\" alt=\"AG extraordinaire de la FAF : adoption d'un nouveau syst\u00e8me de comp\u00e9tition\"><\/div>\n<div class=\"K2FeedIntroText\">\n<p><strong>ALGER- Les membres de l&rsquo;Assembl\u00e9e g\u00e9n\u00e9rale de la F\u00e9d\u00e9ration alg\u00e9rienne de football (FAF) r\u00e9unis ce mardi au Centre technique national de Sidi Moussa (Alger) en session extraordinaire, ont adopt\u00e9 \u00e0 l&rsquo;unanimit\u00e9 un nouveau syst\u00e8me pyramidal de comp\u00e9tition, \u00e0 partir de la saison 2020-2021.<\/strong><\/p>\n<\/div>\n<div class=\"K2FeedFullText\">\n<p>Lors de cette session, 97 membres de l&rsquo;AG ont approuv\u00e9 la nouvelle formule de comp\u00e9tition, alors qu&rsquo;un seul membre, le pr\u00e9sident de la JS Saoura, a vot\u00e9 contre.<\/p>\n<p>Le nouveau syst\u00e8me de comp\u00e9tition pr\u00e9voit la cr\u00e9ation d&rsquo;une seule Ligue professionnelle \u00e0 18 clubs, et une Ligue 2 amateur \u00e0 deux groupes de 16 clubs chacun (centre-est et centre-ouest) \u00e0 partir de la saison 2020-2021.<\/p>\n<p>Il a \u00e9t\u00e9 d\u00e9cid\u00e9 \u00e9galement la cr\u00e9ation d&rsquo;une division amateur compos\u00e9e de six groupes, renfermant 16 clubs chacun.<\/p>\n<p>Enfin, au pied de la pyramide, l\u2019on retrouve un palier R\u00e9gional, subdivis\u00e9 en 2 sections, R1 et R2, comprenant chacune des groupes de 16 clubs, alors qu\u2019au niveau \u00ab\u00a0Wilaya\u00a0\u00bb, il est pr\u00e9vu un seul groupe \u00ab\u00a0Honneur\u00a0\u00bb pendant que le palier \u00ab\u00a0Pr\u00e9- Honneur\u00a0\u00bb reste assujetti au nombre des \u00e9quipes engag\u00e9es<\/p>\n<p>Les modalit\u00e9s d&rsquo;accession et de r\u00e9trogradation seront pr\u00e9d\u00e9finies lors de la prochaine r\u00e9union du bureau f\u00e9d\u00e9ral pr\u00e9vue fin septembre.<\/p>\n<blockquote>\n<p><em><strong>Le pr\u00e9sident de la F\u00e9d\u00e9ration alg\u00e9rienne de football, Kheireddine Zetchi, s&rsquo;est f\u00e9licit\u00e9 de l&rsquo;adoption du nouveau syst\u00e8me de comp\u00e9tition, qualifiant cela de \u00ab\u00a0d\u00e9cision historique\u00a0\u00bb et \u00ab\u00a0adopt\u00e9e en conformit\u00e9 avec les r\u00e8glements r\u00e9gissant la FAF\u00a0\u00bb.<\/strong><\/em><\/p>\n<\/blockquote>\n<p>Selon le pr\u00e9sident de la FAF, le syst\u00e8me de comp\u00e9tition est annonc\u00e9 au d\u00e9but de chaque saison sportive et non pas avant, soit une fois le nombre de clubs engag\u00e9s connu comme le rappellent les articles concernant les modalit\u00e9s d\u2019accession et r\u00e9trogradation.<\/p>\n<p>Le nouveau syst\u00e8me pyramidal de comp\u00e9tition a pour objectif\u00a0 \u00ab\u00a0de sauver le professionnalisme en r\u00e9duisant le nombre de clubs professionnels\u00a0\u00bb, avait, rappelle-t-on, indiqu\u00e9 r\u00e9cemment Kheireddine Zetchi .<\/p>\n<p>Les travaux de l&rsquo;AG extraordinaire de la FAF ont \u00e9t\u00e9 marqu\u00e9s par l&rsquo;absence du pr\u00e9sident de la Ligue de football professionnel (LFP) Abdelkrim Medouar, pour des raisons inconnues jusque-l\u00e0. Une absence qui a suscit\u00e9 des interrogations au sein de l&rsquo;AG.<\/p>\n<\/div>\n<p><img loading=\"lazy\" decoding=\"async\" src=\"http:\/\/feeds.feedburner.com\/~r\/aps-sport\/~4\/3FYMeLFTzo8\" height=\"1\" width=\"1\" alt=\"\"><\/div>\n<p>Auteur:<br \/>\n<a href=\"http:\/\/www.aps.dz\/sport\/94501-ag-extraordinaire-de-la-faf-adoption-d-un-nouveau-systeme-de-competition?utm_source=feedburner&#038;utm_medium=feed&#038;utm_campaign=Feed%3A+aps-sport+%28APS+-+SPORT%29\">Cliquez ici pour lire l&rsquo;article depuis sa source.<\/a><\/p>\n","protected":false},"excerpt":{"rendered":"<p>ALGER- Les membres de l&rsquo;Assembl\u00e9e g\u00e9n\u00e9rale de la F\u00e9d\u00e9ration alg\u00e9rienne de football (FAF) r\u00e9unis ce mardi au Centre technique national de Sidi Moussa (Alger) en session extraordinaire, ont adopt\u00e9 \u00e0 l&rsquo;unanimit\u00e9 un nouveau syst\u00e8me pyramidal de comp\u00e9tition, \u00e0 partir de la saison 2020-2021. Lors de cette session, 97 membres de l&rsquo;AG ont approuv\u00e9 la nouvelle [&hellip;]<\/p>\n","protected":false},"author":1790,"featured_media":61431,"comment_status":"closed","ping_status":"closed","sticky":false,"template":"","format":"standard","meta":{"fifu_image_url":"","fifu_image_alt":"","footnotes":""},"categories":[53,75],"tags":[],"class_list":["post-61430","post","type-post","status-publish","format-standard","has-post-thumbnail","hentry","category-algerie","category-sport"],"_links":{"self":[{"href":"https:\/\/linitiative.ca\/International\/wp-json\/wp\/v2\/posts\/61430","targetHints":{"allow":["GET"]}}],"collection":[{"href":"https:\/\/linitiative.ca\/International\/wp-json\/wp\/v2\/posts"}],"about":[{"href":"https:\/\/linitiative.ca\/International\/wp-json\/wp\/v2\/types\/post"}],"author":[{"embeddable":true,"href":"https:\/\/linitiative.ca\/International\/wp-json\/wp\/v2\/users\/1790"}],"replies":[{"embeddable":true,"href":"https:\/\/linitiative.ca\/International\/wp-json\/wp\/v2\/comments?post=61430"}],"version-history":[{"count":0,"href":"https:\/\/linitiative.ca\/International\/wp-json\/wp\/v2\/posts\/61430\/revisions"}],"wp:featuredmedia":[{"embeddable":true,"href":"https:\/\/linitiative.ca\/International\/wp-json\/"}],"wp:attachment":[{"href":"https:\/\/linitiative.ca\/International\/wp-json\/wp\/v2\/media?parent=61430"}],"wp:term":[{"taxonomy":"category","embeddable":true,"href":"https:\/\/linitiative.ca\/International\/wp-json\/wp\/v2\/categories?post=61430"},{"taxonomy":"post_tag","embeddable":true,"href":"https:\/\/linitiative.ca\/International\/wp-json\/wp\/v2\/tags?post=61430"}],"curies":[{"name":"wp","href":"https:\/\/api.w.org\/{rel}","templated":true}]}}