{"id":61432,"date":"2019-09-17T12:23:03","date_gmt":"2019-09-17T16:23:03","guid":{"rendered":"https:\/\/linitiative.ca\/International\/94514-football-les-modalites-d-accession-et-de-retrogradation-predefinies-fin-septembre\/"},"modified":"2019-09-17T12:23:03","modified_gmt":"2019-09-17T16:23:03","slug":"94514-football-les-modalites-d-accession-et-de-retrogradation-predefinies-fin-septembre","status":"publish","type":"post","link":"https:\/\/linitiative.ca\/International\/94514-football-les-modalites-d-accession-et-de-retrogradation-predefinies-fin-septembre\/","title":{"rendered":"Football: les modalit\u00e9s d&rsquo;accession et de r\u00e9trogradation pr\u00e9d\u00e9finies fin septembre"},"content":{"rendered":"<div>\n<div class=\"K2FeedImage\"><img decoding=\"async\" src=\"http:\/\/www.aps.dz\/media\/k2\/items\/cache\/2fcdbcaa80c972414852bcac6abf90bb_S.jpg\" alt=\"Football: les modalit\u00e9s d'accession et de r\u00e9trogradation pr\u00e9d\u00e9finies fin septembre\"><\/div>\n<div class=\"K2FeedIntroText\">\n<p><strong>ALGER- Les modalit\u00e9s d&rsquo;accession et de r\u00e9trogradation seront pr\u00e9d\u00e9finies lors de la prochaine r\u00e9union du Bureau f\u00e9d\u00e9ral, pr\u00e9vue \u00e0 la fin du mois de septembre courant \u00e0 Ouargla, a annonc\u00e9 mardi Alger le pr\u00e9sident de la F\u00e9d\u00e9ration alg\u00e9rienne de football, Kheireddine Zetchi.<\/strong><\/p>\n<\/div>\n<div class=\"K2FeedFullText\">\n<p>\u00ab\u00a0Avec l&rsquo;adoption de la nouvelle formule de comp\u00e9tition, il faudra d\u00e9terminer le nombre de clubs de Ligue 1 qui r\u00e9trogradent \u00e0 l&rsquo;issue de l&rsquo;exercice en cours, et ceux qui acc\u00e8dent \u00e0 partir du palier inf\u00e9rieur\u00a0\u00bb a indiqu\u00e9 Zetchi en conf\u00e9rence de presse, au Centre technique de Sidi-Moussa.<\/p>\n<p>Le pr\u00e9sident de la FAF a assur\u00e9 que pour le moment \u00ab\u00a0il n&rsquo;y a rien de concret \u00e0 ce propos\u00a0\u00bb, mais selon lui \u00ab\u00a0il sera question de choisir entre la r\u00e9trogradation d&rsquo;un seul club et l&rsquo;accession de trois, ou alors, la rel\u00e9gation de deux clubs de premi\u00e8re Division et l&rsquo;accession de quatre \u00e0 partir du palier inf\u00e9rieur\u00a0\u00bb.<\/p>\n<p>Une d\u00e9cision qui selon Zetchi sera \u00ab\u00a0prise de mani\u00e8re rationnelle\u00a0\u00bb et avec l&rsquo;objectif de \u00ab\u00a0faire le meilleur choix\u00a0\u00bb, pour permettre \u00e0 ce projet \u00e0 aboutir.<\/p>\n<blockquote>\n<p><em><strong>\u00ab\u00a0Nous p\u00e8serons le pour et le contre et nous verrons s&rsquo;il est plus judicieux de faire descendre un seul club, plut\u00f4t que deux. Mais pour cela, il faudrait que le quatri\u00e8me club qui devra acc\u00e9der suivant cette formule soit capable de faire face au cahier des charges qu&rsquo;impose l&rsquo;\u00e9volution au sein du championnat Elite\u00a0\u00bb a-t-il insist\u00e9.<\/strong><\/em><\/p>\n<\/blockquote>\n<p>En effet, selon le pr\u00e9sident de la FAF, d\u00e9sormais, il ne sera plus question de \u00ab\u00a0vouloir\u00a0\u00bb faire partie du championnat Elite, comme cela \u00e9tait le cas \u00e0 l&rsquo;av\u00e8nement du professionnalisme en Alg\u00e9rie, mais plut\u00f4t de \u00ab\u00a0pouvoir\u00a0\u00bb faire face \u00e0 tout ce que ce statut exige.<\/p>\n<p>A ce propos, Zetchi a annonc\u00e9 que lors de la prochaine r\u00e9union du Bureau f\u00e9d\u00e9ral, il sera proc\u00e9d\u00e9 \u00e0 l&rsquo;installation d&rsquo;une Direction Nationale du Contr\u00f4le de Gestion (DNCG) : une structure qui se chargera d&rsquo;accompagner les clubs et de s&rsquo;assurer qu&rsquo;ils remplissent toutes les conditions n\u00e9cessaires pour faire partie du championnat professionnel.<\/p>\n<p>\u00ab\u00a0Le principal objectif de la DNCG sera de s&rsquo;assurer \u00e0 ce qu&rsquo;il y ait un \u00e9quilibre financier au sein de tous les clubs pros, c&rsquo;est-\u00e0-dire, entre leurs revenus et leurs d\u00e9penses. Une situation qui leur \u00e9vitera de crouler sous les dettes et les \u00e9ventuels probl\u00e8mes qui en r\u00e9sulteront\u00a0\u00bb a-t-il expliqu\u00e9.<\/p>\n<hr>\n<p><a href=\"http:\/\/www.aps.dz\/sport\/94501-ag-extraordinaire-de-la-faf-adoption-d-un-nouveau-systeme-de-competition\">Lire aussi :\u00a0AG extraordinaire de la FAF : adoption d&rsquo;un nouveau syst\u00e8me de comp\u00e9tition<\/a><\/p>\n<hr>\n<p>Concernant les salaires des joueurs qui atteignent parfois des montants exorbitants et qui sont souvent \u00e0 l&rsquo;origine de ce perp\u00e9tuel endettement des clubs, Zetchi a assur\u00e9 que la FAF n&rsquo;a pas l&rsquo;intention d&rsquo;imposer un plafonnement pr\u00e9cis.<\/p>\n<blockquote>\n<p><em><strong>\u00ab\u00a0Si un club d\u00e9cide de verser un salaire particulier \u00e0 un joueur, il est en droit de le faire. Mais cette d\u00e9cision ne doit pas se r\u00e9percuter n\u00e9gativement sur l&rsquo;\u00e9quilibre financier du club, car si cela viendrait vraiment \u00e0 arriver, la DNCG interviendra pour le rappeler \u00e0 l&rsquo;ordre\u00a0\u00bb a-t-il assur\u00e9.<\/strong><\/em><\/p>\n<\/blockquote>\n<p>Le pr\u00e9sident de la FAF a conclu en se disant conscient de l&rsquo;ampleur de la t\u00e2che, car le chantier qu&rsquo;il vient de lancer et vraiment trop gros, \u00e0 tel point que sa r\u00e9alisation d\u00e9passera probablement le mandat de l&rsquo;actuel bureau. Mais d&rsquo;apr\u00e8s lui, il fallait lancer ce chantier et corriger les imperfections au fur et \u00e0 mesure.<\/p>\n<p>De leurs c\u00f4t\u00e9, les pr\u00e9sident de clubs ont majoritairement bien accueilli cette nouvelle formule de comp\u00e9tition \u00e0 cinq paliers, avec 18 formations professionnelles au niveau de l&rsquo;\u00e9lite.<\/p>\n<p>\u00ab\u00a0La premi\u00e8re formule n&rsquo;a rien donn\u00e9. Donc, nous avons tout \u00e0 gagner en essayant cette nouvelle variante\u00a0\u00bb a indiqu\u00e9 \u00e0 l&rsquo;APS le pr\u00e9sident du NA Hussein-Dey, Murad Lahlou.<\/p>\n<p>Dans la nouvelle formule de comp\u00e9tition qui entrera en vigueur \u00e0 partir de l&rsquo;ann\u00e9e prochaine, il y aura cinq paliers, \u00e0 savoir : une Premi\u00e8re Division \u00e0 18 clubs professionnels, une Ligue 2 \u00e0 deux groupes de 16 clubs, une Division Nationale Amateur \u00e0 six groupes de 16 clubs, Un championnat R\u00e9gional (1 et 2), ainsi qu&rsquo;un Championnat Wilaya, incluant Honneur et Pr\u00e9-Honneur.<\/p>\n<\/div>\n<p><img loading=\"lazy\" decoding=\"async\" src=\"http:\/\/feeds.feedburner.com\/~r\/aps-sport\/~4\/HBzfJ7QjUNY\" height=\"1\" width=\"1\" alt=\"\"><\/div>\n<p>Auteur:<br \/>\n<a href=\"http:\/\/www.aps.dz\/sport\/94514-football-les-modalites-d-accession-et-de-retrogradation-predefinies-fin-septembre?utm_source=feedburner&#038;utm_medium=feed&#038;utm_campaign=Feed%3A+aps-sport+%28APS+-+SPORT%29\">Cliquez ici pour lire l&rsquo;article depuis sa source.<\/a><\/p>\n","protected":false},"excerpt":{"rendered":"<p>ALGER- Les modalit\u00e9s d&rsquo;accession et de r\u00e9trogradation seront pr\u00e9d\u00e9finies lors de la prochaine r\u00e9union du Bureau f\u00e9d\u00e9ral, pr\u00e9vue \u00e0 la fin du mois de septembre courant \u00e0 Ouargla, a annonc\u00e9 mardi Alger le pr\u00e9sident de la F\u00e9d\u00e9ration alg\u00e9rienne de football, Kheireddine Zetchi. \u00ab\u00a0Avec l&rsquo;adoption de la nouvelle formule de comp\u00e9tition, il faudra d\u00e9terminer le nombre [&hellip;]<\/p>\n","protected":false},"author":1790,"featured_media":61433,"comment_status":"closed","ping_status":"closed","sticky":false,"template":"","format":"standard","meta":{"fifu_image_url":"","fifu_image_alt":"","footnotes":""},"categories":[53,75],"tags":[],"class_list":["post-61432","post","type-post","status-publish","format-standard","has-post-thumbnail","hentry","category-algerie","category-sport"],"_links":{"self":[{"href":"https:\/\/linitiative.ca\/International\/wp-json\/wp\/v2\/posts\/61432","targetHints":{"allow":["GET"]}}],"collection":[{"href":"https:\/\/linitiative.ca\/International\/wp-json\/wp\/v2\/posts"}],"about":[{"href":"https:\/\/linitiative.ca\/International\/wp-json\/wp\/v2\/types\/post"}],"author":[{"embeddable":true,"href":"https:\/\/linitiative.ca\/International\/wp-json\/wp\/v2\/users\/1790"}],"replies":[{"embeddable":true,"href":"https:\/\/linitiative.ca\/International\/wp-json\/wp\/v2\/comments?post=61432"}],"version-history":[{"count":0,"href":"https:\/\/linitiative.ca\/International\/wp-json\/wp\/v2\/posts\/61432\/revisions"}],"wp:featuredmedia":[{"embeddable":true,"href":"https:\/\/linitiative.ca\/International\/wp-json\/"}],"wp:attachment":[{"href":"https:\/\/linitiative.ca\/International\/wp-json\/wp\/v2\/media?parent=61432"}],"wp:term":[{"taxonomy":"category","embeddable":true,"href":"https:\/\/linitiative.ca\/International\/wp-json\/wp\/v2\/categories?post=61432"},{"taxonomy":"post_tag","embeddable":true,"href":"https:\/\/linitiative.ca\/International\/wp-json\/wp\/v2\/tags?post=61432"}],"curies":[{"name":"wp","href":"https:\/\/api.w.org\/{rel}","templated":true}]}}