{"id":61434,"date":"2019-09-17T13:28:42","date_gmt":"2019-09-17T17:28:42","guid":{"rendered":"https:\/\/linitiative.ca\/International\/94519-les-jeux-mediterraneens-retrouveront-toute-leur-splendeur-a-oran\/"},"modified":"2019-09-17T13:28:42","modified_gmt":"2019-09-17T17:28:42","slug":"94519-les-jeux-mediterraneens-retrouveront-toute-leur-splendeur-a-oran","status":"publish","type":"post","link":"https:\/\/linitiative.ca\/International\/94519-les-jeux-mediterraneens-retrouveront-toute-leur-splendeur-a-oran\/","title":{"rendered":"Les Jeux m\u00e9diterran\u00e9ens retrouveront toute leur splendeur \u00e0 Oran"},"content":{"rendered":"<div>\n<div class=\"K2FeedImage\"><img decoding=\"async\" src=\"http:\/\/www.aps.dz\/media\/k2\/items\/cache\/f82838252d14b63b7203e1872f6c9220_S.jpg\" alt=\"Les Jeux m\u00e9diterran\u00e9ens retrouveront toute leur splendeur \u00e0 Oran\"><\/div>\n<div class=\"K2FeedIntroText\">\n<p><strong>ORAN &#8211; L\u2019Etat alg\u00e9rien a d\u00e9ploy\u00e9 tous les moyens humains et mat\u00e9riels pour que les Jeux m\u00e9diterran\u00e9ens retrouvent leur splendeur d\u00e8s la prochaine \u00e9dition qu\u2019abritera Oran lors de l\u2019\u00e9t\u00e9 2021, a indiqu\u00e9 mardi le ministre de la Jeunesse et des Sports, Abderraouf Bernaoui.<\/strong><\/p>\n<\/div>\n<div class=\"K2FeedFullText\">\n<p>\u00ab\u00a0Une enveloppe de 600 millions d\u2019euros a \u00e9t\u00e9 mobilis\u00e9e par l\u2019Etat alg\u00e9rien pour la r\u00e9alisation de nouvelles infrastructures sportives et la r\u00e9habilitation d\u2019autres ainsi que l\u2019organisation des Jeux m\u00e9diterran\u00e9ens que va abriter Oran en 2021\u00a0\u00bb, a r\u00e9v\u00e9l\u00e9 M. Bernaoui dans un point de presse tenu en marge sa visite aux chantiers du complexe sportif de Bir El Djir (Est d\u2019Oran) en cours de r\u00e9alisation.<\/p>\n<p>\u00ab\u00a0Tout le monde sait que les Jeux m\u00e9diterran\u00e9ens ont perdu relativement de leur aura, mais notre d\u00e9fi, en tant qu\u2019Alg\u00e9riens, est que la prochaine \u00e9dition d\u2019Oran sera une occasion pour relancer cette manifestation sportive et la r\u00e9habiliter\u00a0\u00bb, a d\u00e9clar\u00e9 le ministre, rassurant au passage que l\u2019Alg\u00e9rie sera bel et bien au rendez-vous pour honorer ses engagements dans ce registre pris devant le Conseil international des Jeux m\u00e9diterran\u00e9ens qui lui a confi\u00e9 l\u2019organisation de la 19e \u00e9dition il y a quelques ann\u00e9es.<\/p>\n<blockquote>\n<p><em><strong>\u00ab\u00a0La r\u00e9alit\u00e9 du terrain est l\u00e0 pour d\u00e9montrer que nous sommes en train de r\u00e9aliser quelque chose de tr\u00e8s grand en pr\u00e9vision des jeux, n\u2019en d\u00e9plaise \u00e0 certains qui tentent de remettre en cause nos capacit\u00e9s \u00e0 organiser cet \u00e9v\u00e8nement sportif\u00a0\u00bb, a-t-il enchain\u00e9.<\/strong><\/em><\/p>\n<\/blockquote>\n<p>S\u2019exprimant sur l\u2019\u00e9volution des travaux que connaissent les diff\u00e9rents chantiers du complexe olympique, qui accuse un \u00e9norme retard dans sa livraison vu que sa premi\u00e8re pierre a \u00e9t\u00e9 pos\u00e9e en 2008, il s\u2019est dit confiant quant \u00e0 la r\u00e9ception de cette importante infrastructure dans les nouveaux d\u00e9lais fix\u00e9s.<\/p>\n<p>\u00ab\u00a0Je n\u2019ai pas envie de revenir sur les raisons ayant caus\u00e9 tout ce retard, car nous pr\u00e9f\u00e9rons nous tourner vers l\u2019avenir. Et l\u00e0, je suis persuad\u00e9 que le stade de football de 40.000 places sera livr\u00e9 en mars prochain. Le football alg\u00e9rien a tant besoin de cette infrastructure vu le manque enregistr\u00e9 dans ce registre. Ce stade, en plus de ceux de Tizi Ouzou, Baraki et Dou\u00e9ra (Alger), seront une fiert\u00e9 pour le sport roi dans le pays\u00a0\u00bb, s\u2019est-il r\u00e9joui.<\/p>\n<p>Au d\u00e9but de sa visite aux chantiers du complexe sportif d\u2019Oran, M. Bernaoui a suivi un expos\u00e9 de la part des responsables ex\u00e9cutifs concern\u00e9s au sujet de l\u2019\u00e9volution des travaux au niveau du complexe ainsi que d\u2019autres chantiers ouverts li\u00e9s \u00e0 l\u2019am\u00e9nagement des abords de ce site.<\/p>\n<p>Selon les explications donn\u00e9es par le maitre de l\u2019ouvrage, en l\u2019occurrence, la direction locale des \u00e9quipements publics, quelques probl\u00e8mes financiers persistent encore et qui sont \u00e0 l\u2019origine du retard accus\u00e9 dans l\u2019ach\u00e8vement des travaux du stade de football. Des probl\u00e8mes qui devront \u00eatre r\u00e9gl\u00e9s prochainement, a assur\u00e9 le ministre.<\/p>\n<blockquote>\n<p><em><strong>Il a encore rappel\u00e9 les \u00ab\u00a0mesures efficaces prises derni\u00e8rement par le Premier ministre, Noureddine Bedoui, pour lever toutes les obstacles entravant la bonne marche des travaux au niveau du complexe sportif d\u2019Oran en pr\u00e9vision des Jeux m\u00e9diterran\u00e9ens\u00a0\u00bb.<\/strong><\/em><\/p>\n<\/blockquote>\n<p>Concernant la deuxi\u00e8me tranche du complexe, \u00e0 savoir la r\u00e9alisation d\u2019une salle omnisport de 6.000 places et un centre nautique de trois bassins dont deux olympiques et un troisi\u00e8me semi-olympique, le ministre a \u00e9t\u00e9 rassur\u00e9 par les concern\u00e9s quant au bon rythme des travaux que connait le premier \u00e9quipement, contrairement au second qui accuse un retard estim\u00e9 \u00e0 trois mois.<\/p>\n<\/div>\n<p><img loading=\"lazy\" decoding=\"async\" src=\"http:\/\/feeds.feedburner.com\/~r\/aps-sport\/~4\/j1WJ6LW_6JQ\" height=\"1\" width=\"1\" alt=\"\"><\/div>\n<p>Auteur:<br \/>\n<a href=\"http:\/\/www.aps.dz\/sport\/94519-les-jeux-mediterraneens-retrouveront-toute-leur-splendeur-a-oran?utm_source=feedburner&#038;utm_medium=feed&#038;utm_campaign=Feed%3A+aps-sport+%28APS+-+SPORT%29\">Cliquez ici pour lire l&rsquo;article depuis sa source.<\/a><\/p>\n","protected":false},"excerpt":{"rendered":"<p>ORAN &#8211; L\u2019Etat alg\u00e9rien a d\u00e9ploy\u00e9 tous les moyens humains et mat\u00e9riels pour que les Jeux m\u00e9diterran\u00e9ens retrouvent leur splendeur d\u00e8s la prochaine \u00e9dition qu\u2019abritera Oran lors de l\u2019\u00e9t\u00e9 2021, a indiqu\u00e9 mardi le ministre de la Jeunesse et des Sports, Abderraouf Bernaoui. \u00ab\u00a0Une enveloppe de 600 millions d\u2019euros a \u00e9t\u00e9 mobilis\u00e9e par l\u2019Etat alg\u00e9rien [&hellip;]<\/p>\n","protected":false},"author":1790,"featured_media":61435,"comment_status":"closed","ping_status":"closed","sticky":false,"template":"","format":"standard","meta":{"fifu_image_url":"","fifu_image_alt":"","footnotes":""},"categories":[53,75],"tags":[],"class_list":["post-61434","post","type-post","status-publish","format-standard","has-post-thumbnail","hentry","category-algerie","category-sport"],"_links":{"self":[{"href":"https:\/\/linitiative.ca\/International\/wp-json\/wp\/v2\/posts\/61434","targetHints":{"allow":["GET"]}}],"collection":[{"href":"https:\/\/linitiative.ca\/International\/wp-json\/wp\/v2\/posts"}],"about":[{"href":"https:\/\/linitiative.ca\/International\/wp-json\/wp\/v2\/types\/post"}],"author":[{"embeddable":true,"href":"https:\/\/linitiative.ca\/International\/wp-json\/wp\/v2\/users\/1790"}],"replies":[{"embeddable":true,"href":"https:\/\/linitiative.ca\/International\/wp-json\/wp\/v2\/comments?post=61434"}],"version-history":[{"count":0,"href":"https:\/\/linitiative.ca\/International\/wp-json\/wp\/v2\/posts\/61434\/revisions"}],"wp:featuredmedia":[{"embeddable":true,"href":"https:\/\/linitiative.ca\/International\/wp-json\/"}],"wp:attachment":[{"href":"https:\/\/linitiative.ca\/International\/wp-json\/wp\/v2\/media?parent=61434"}],"wp:term":[{"taxonomy":"category","embeddable":true,"href":"https:\/\/linitiative.ca\/International\/wp-json\/wp\/v2\/categories?post=61434"},{"taxonomy":"post_tag","embeddable":true,"href":"https:\/\/linitiative.ca\/International\/wp-json\/wp\/v2\/tags?post=61434"}],"curies":[{"name":"wp","href":"https:\/\/api.w.org\/{rel}","templated":true}]}}