{"id":61443,"date":"2019-09-16T16:46:38","date_gmt":"2019-09-16T20:46:38","guid":{"rendered":"https:\/\/linitiative.ca\/International\/toutes-les-conditions-reunies-pour-lelection-du-12-decembre\/"},"modified":"2019-09-16T16:46:38","modified_gmt":"2019-09-16T20:46:38","slug":"toutes-les-conditions-reunies-pour-lelection-du-12-decembre","status":"publish","type":"post","link":"https:\/\/linitiative.ca\/International\/toutes-les-conditions-reunies-pour-lelection-du-12-decembre\/","title":{"rendered":"Toutes les conditions r\u00e9unies pour l&rsquo;\u00e9lection du 12 d\u00e9cembre"},"content":{"rendered":"<p>Le chef de l\u2019Etat, Abdelkader Bensalah, a convoqu\u00e9 dimanche le corps \u00e9lectoral pour l\u2019\u00e9lection pr\u00e9sidentielle dont la date a \u00e9t\u00e9 fix\u00e9e au 12 d\u00e9cembre 2019.<\/p>\n<p>Dans un discours \u00e0 la nation, M.\u00a0Bensalah a indiqu\u00e9 avoir fix\u00e9 la date de l\u2019\u00e9lection pr\u00e9sidentielle au jeudi 12 d\u00e9cembre 2019, et ce, dans le cadre de ses pr\u00e9rogatives constitutionnelles, ajoutant avoir proc\u00e9d\u00e9, ce dimanche, \u00e0 la signature du d\u00e9cret pr\u00e9sidentiel portant convocation le corps \u00e9lectoral.<\/p>\n<p>Il a, \u00e0 cette occasion, exhort\u00e9 les citoyens \u201d\u00e0 la mobilisation pour faire de ce rendez-vous le point de d\u00e9part du processus de renouveau de notre Nation, et \u00e0 \u0153uvrer, massivement et fortement, \u00e0 la r\u00e9ussite de cette \u00e9ch\u00e9ance \u00e9lectorale, qui permettra \u00e0 notre peuple d\u2019\u00e9lire un nouveau pr\u00e9sident qui aura toute la l\u00e9gitimit\u00e9 pour pr\u00e9sider aux destin\u00e9es de notre pays et concr\u00e9tiser les aspirations de notre peuple\u201d.<\/p>\n<p>\u201cDe par son importance, cette \u00e9lection constituera une occasion sans pr\u00e9c\u00e9dent pour instaurer la confiance dans le pays et ouvrira, par la m\u00eame, la voie \u00e0 notre peuple vers un horizon prometteur en mati\u00e8re de consolidation de la pratique d\u00e9mocratique\u201d, a-t-il ajout\u00e9.<\/p>\n<p>Le chef de l\u2019Etat a appel\u00e9 les citoyennes et les citoyens \u00e0 contribuer, le 12 d\u00e9cembre prochain, \u201d\u00e0 l\u2019\u00e9criture de l\u2019histoire de leur pays et au choix de leur nouveau pr\u00e9sident afin de tracer ainsi l\u2019avenir radieux de leur pays, celui dont r\u00eavaient leurs a\u00efeux et p\u00e8res et r\u00eavent, aujourd\u2019hui, nos enfants\u201d.<\/p>\n<p>Il a \u00e9galement indiqu\u00e9 avoir proc\u00e9d\u00e9 \u00e0 la signature de la loi organique relative \u00e0 l\u2019Autorit\u00e9 nationale ind\u00e9pendante des \u00e9lections et de la loi organique relative au r\u00e9gime \u00e9lectoral, \u201cconform\u00e9ment aux dispositions de la Constitution et apr\u00e8s que le Conseil constitutionnel m\u2019eut notifi\u00e9 son avis en la mati\u00e8re\u201d, a-t-il ajout\u00e9.<\/p>\n<p>\u201cCes deux textes ont introduit des changements capitaux et in\u00e9dits, qui ont touch\u00e9 \u00e0 l\u2019essence m\u00eame de la doctrine suivie jusque-l\u00e0 dans notre pays en mati\u00e8re d\u2019\u00e9lections\u201d, a-t-il expliqu\u00e9.<\/p>\n<p>Pour Bensalah, ces changements apportent \u201cune r\u00e9ponse claire et sans \u00e9quivoque aux sceptiques et viennent, en m\u00eame temps, traduire les attentes l\u00e9gitimes de notre peuple en lui permettant de choisir, en toute souverainet\u00e9, libert\u00e9 et transparence, la personnalit\u00e9 \u00e0 qui il souhaite confier la conduite du changement et la satisfaction du reste des revendications populaires\u201d.<\/p>\n<p>\u201cIls viennent \u00e9galement confirmer la d\u00e9termination de l\u2019Etat \u00e0 aller de l\u2019avant dans la concr\u00e9tisation m\u00e9thodique du changement, auquel vous appelez de tous vos v\u0153ux, par l\u2019assainissement de l\u2019encadrement de l\u2019Etat, la lutte contre la corruption et l\u2019impunit\u00e9, le recouvrement de la normalit\u00e9 institutionnelle \u00e0 travers des \u00e9lections entour\u00e9es de toutes les garanties de probit\u00e9\u201d, a-t-il dit.<\/p>\n<p>Le chef de l\u2019Etat a affirm\u00e9 que \u201cces acquis et avanc\u00e9es n\u2019auraient pu \u00eatre r\u00e9alis\u00e9s sans une totale et \u00e9troite coordination entre les diff\u00e9rentes<\/p>\n<p>institutions de l\u2019Etat\u201d, tout en r\u00e9it\u00e9rant ses \u201csentiments de consid\u00e9ration et de reconnaissance aux \u00e9l\u00e9ments de l\u2019Arm\u00e9e nationale populaire (ANP), et en particulier \u00e0 son Haut Commandement, pour ses efforts soutenus et d\u00e9vou\u00e9s afin de pr\u00e9server la voie constitutionnelle et pour son engagement dans l\u2019accompagnement de notre peuple sur la voie du changement, en privil\u00e9giant la voie du dialogue et en insistant sur la pr\u00e9sidentielle en tant qu\u2019objectif strat\u00e9gique\u201d.<\/p>\n<p>Il a, par ailleurs, affirm\u00e9 que l\u2019organisation de l\u2019\u00e9lection pr\u00e9sidentielle est \u201cla seule et unique solution d\u00e9mocratique viable\u201d, tout en r\u00e9it\u00e9rant son engagement \u00e0 r\u00e9unir \u201ctoutes les conditions ad\u00e9quates \u00e0 l\u2019organisation d\u2019un scrutin pr\u00e9sidentiel pr\u00e9sentant toutes les garanties de transparence, de r\u00e9gularit\u00e9 et de probit\u00e9\u201d.<\/p>\n<p>Auteur: Boudjedri<br \/>\n<a href=\"http:\/\/www.jeune-independant.net\/Toutes-les-conditions-reunies-pour.html\">Cliquez ici pour lire l&rsquo;article depuis sa source.<\/a><\/p>\n","protected":false},"excerpt":{"rendered":"<p>Le chef de l\u2019Etat, Abdelkader Bensalah, a convoqu\u00e9 dimanche le corps \u00e9lectoral pour l\u2019\u00e9lection pr\u00e9sidentielle dont la date a \u00e9t\u00e9 fix\u00e9e au 12 d\u00e9cembre 2019. Dans un discours \u00e0 la nation, M.\u00a0Bensalah a indiqu\u00e9 avoir fix\u00e9 la date de l\u2019\u00e9lection pr\u00e9sidentielle au jeudi 12 d\u00e9cembre 2019, et ce, dans le cadre de ses pr\u00e9rogatives constitutionnelles, [&hellip;]<\/p>\n","protected":false},"author":1737,"featured_media":0,"comment_status":"closed","ping_status":"closed","sticky":false,"template":"","format":"standard","meta":{"fifu_image_url":"","fifu_image_alt":"","footnotes":""},"categories":[73,53],"tags":[],"class_list":["post-61443","post","type-post","status-publish","format-standard","hentry","category-actualite","category-algerie"],"_links":{"self":[{"href":"https:\/\/linitiative.ca\/International\/wp-json\/wp\/v2\/posts\/61443","targetHints":{"allow":["GET"]}}],"collection":[{"href":"https:\/\/linitiative.ca\/International\/wp-json\/wp\/v2\/posts"}],"about":[{"href":"https:\/\/linitiative.ca\/International\/wp-json\/wp\/v2\/types\/post"}],"author":[{"embeddable":true,"href":"https:\/\/linitiative.ca\/International\/wp-json\/wp\/v2\/users\/1737"}],"replies":[{"embeddable":true,"href":"https:\/\/linitiative.ca\/International\/wp-json\/wp\/v2\/comments?post=61443"}],"version-history":[{"count":0,"href":"https:\/\/linitiative.ca\/International\/wp-json\/wp\/v2\/posts\/61443\/revisions"}],"wp:attachment":[{"href":"https:\/\/linitiative.ca\/International\/wp-json\/wp\/v2\/media?parent=61443"}],"wp:term":[{"taxonomy":"category","embeddable":true,"href":"https:\/\/linitiative.ca\/International\/wp-json\/wp\/v2\/categories?post=61443"},{"taxonomy":"post_tag","embeddable":true,"href":"https:\/\/linitiative.ca\/International\/wp-json\/wp\/v2\/tags?post=61443"}],"curies":[{"name":"wp","href":"https:\/\/api.w.org\/{rel}","templated":true}]}}