{"id":61448,"date":"2019-09-17T07:31:00","date_gmt":"2019-09-17T11:31:00","guid":{"rendered":"https:\/\/linitiative.ca\/International\/qui-est-ali-onaner-nouvel-ambassadeur-de-turquie-a-tunis\/"},"modified":"2019-09-17T07:31:00","modified_gmt":"2019-09-17T11:31:00","slug":"qui-est-ali-onaner-nouvel-ambassadeur-de-turquie-a-tunis","status":"publish","type":"post","link":"https:\/\/linitiative.ca\/International\/qui-est-ali-onaner-nouvel-ambassadeur-de-turquie-a-tunis\/","title":{"rendered":"Qui est Ali Onaner, nouvel ambassadeur de Turquie \u00e0 Tunis"},"content":{"rendered":"<p>Il revient \u00e0 Tunis cette fois-ci en tant qu\u2019ambassadeur, dix-sept ans apr\u00e8s y avoir servi, entre 1999 et 2002, en tant que deuxi\u00e8me secr\u00e9taire d\u2019ambassade. <a href=\"https:\/\/www.leaders.com.tn\/article\/27986-ambassadeur-de-turquie-refik-ali-onaner\" target=\"_blank\" rel=\"noopener noreferrer\">Ali Onaner, nouvel ambassadeur de Turquie<\/a> peut ainsi mesurer les profondes mutations intervenues depuis lors, notamment \u00e0 partir de 2011. En fait, il avait toujours gard\u00e9 attention pour la Tunisie, surtout ces deux derni\u00e8res ann\u00e9es de par ses fonctions de directeur de cabinet du ministre des Affaires \u00e9trang\u00e8res \u00e0 Ankara (2017 \u2013 2019).<\/p>\n<p>Diplomate de carri\u00e8re, l\u2019ambassadeur Onaner, ancien \u00e9l\u00e8ve de l\u2019ENA, Paris, promotion Senghor, avait altern\u00e9, depuis son entr\u00e9e en service en 1995, fonctions au si\u00e8ge du d\u00e9partement dans la capitale turque, et affectations \u00e0 l\u2019\u00e9tranger. C\u2019est ainsi qu\u2019il avait \u00e9t\u00e9 en poste \u00e0 Paris (2004 \u2013 2006, puis, 2012 \u2013 2017), et \u00e0 Gen\u00e8ve en qualit\u00e9 de conseiller \u00e0 la d\u00e9l\u00e9gation permanente de Turquie aupr\u00e8s de l\u2019Office des Nations Unies.<\/p>\n<p>Tour-\u00e0-tour, il a occup\u00e9 au sein du minist\u00e8re des Affaires \u00e9trang\u00e8res les fonctions d\u2019 attach\u00e9 aupr\u00e8s du sous-secr\u00e9tariat d\u2019Etat adjoint pour les Affaires europ\u00e9ennes puis pour les Affaires politiques\u00a0 (1997 \u2013 1999), de chef de cabinet du sous-secr\u00e9taire d\u2019Etat (2004 \u2013 2006), de chef de d\u00e9partement pour les Droits de l\u2019Homme (2010 -2012) et de directeur g\u00e9n\u00e9ral adjoint pour les relations avec l\u2019Irak, (2017 \u2013 2017).<\/p>\n<p><strong>Lire aussi<\/strong><\/p>\n<p>Auteur:<br \/>\n<a href=\"https:\/\/www.leaders.com.tn\/article\/27987-qui-est-ali-onaner-nouvel-ambassadeur-de-turquie-a-tunis\">Cliquez ici pour lire l&rsquo;article depuis sa source.<\/a><\/p>\n","protected":false},"excerpt":{"rendered":"<p>Il revient \u00e0 Tunis cette fois-ci en tant qu\u2019ambassadeur, dix-sept ans apr\u00e8s y avoir servi, entre 1999 et 2002, en tant que deuxi\u00e8me secr\u00e9taire d\u2019ambassade. Ali Onaner, nouvel ambassadeur de Turquie peut ainsi mesurer les profondes mutations intervenues depuis lors, notamment \u00e0 partir de 2011. En fait, il avait toujours gard\u00e9 attention pour la Tunisie, [&hellip;]<\/p>\n","protected":false},"author":1772,"featured_media":0,"comment_status":"closed","ping_status":"closed","sticky":false,"template":"","format":"standard","meta":{"fifu_image_url":"","fifu_image_alt":"","footnotes":""},"categories":[73,55],"tags":[],"class_list":["post-61448","post","type-post","status-publish","format-standard","hentry","category-actualite","category-tunisie"],"_links":{"self":[{"href":"https:\/\/linitiative.ca\/International\/wp-json\/wp\/v2\/posts\/61448","targetHints":{"allow":["GET"]}}],"collection":[{"href":"https:\/\/linitiative.ca\/International\/wp-json\/wp\/v2\/posts"}],"about":[{"href":"https:\/\/linitiative.ca\/International\/wp-json\/wp\/v2\/types\/post"}],"author":[{"embeddable":true,"href":"https:\/\/linitiative.ca\/International\/wp-json\/wp\/v2\/users\/1772"}],"replies":[{"embeddable":true,"href":"https:\/\/linitiative.ca\/International\/wp-json\/wp\/v2\/comments?post=61448"}],"version-history":[{"count":0,"href":"https:\/\/linitiative.ca\/International\/wp-json\/wp\/v2\/posts\/61448\/revisions"}],"wp:attachment":[{"href":"https:\/\/linitiative.ca\/International\/wp-json\/wp\/v2\/media?parent=61448"}],"wp:term":[{"taxonomy":"category","embeddable":true,"href":"https:\/\/linitiative.ca\/International\/wp-json\/wp\/v2\/categories?post=61448"},{"taxonomy":"post_tag","embeddable":true,"href":"https:\/\/linitiative.ca\/International\/wp-json\/wp\/v2\/tags?post=61448"}],"curies":[{"name":"wp","href":"https:\/\/api.w.org\/{rel}","templated":true}]}}