{"id":61449,"date":"2019-09-17T10:00:00","date_gmt":"2019-09-17T14:00:00","guid":{"rendered":"https:\/\/linitiative.ca\/International\/lambassadeur-moncef-baati-presente-ses-lettres-de-creances-au-secretaire-general-des-nations-unies\/"},"modified":"2019-09-17T10:00:00","modified_gmt":"2019-09-17T14:00:00","slug":"lambassadeur-moncef-baati-presente-ses-lettres-de-creances-au-secretaire-general-des-nations-unies","status":"publish","type":"post","link":"https:\/\/linitiative.ca\/International\/lambassadeur-moncef-baati-presente-ses-lettres-de-creances-au-secretaire-general-des-nations-unies\/","title":{"rendered":"L\u2019ambassadeur Moncef Baati pr\u00e9sente ses lettres de cr\u00e9ances au secr\u00e9taire g\u00e9n\u00e9ral des Nations Unies"},"content":{"rendered":"<p>Just in time ! Juste la veille de l\u2019ouverture cet apr\u00e8s-midi mardi 17 septembre 2019, des travaux de la 74\u00e8me session de l&rsquo;Assembl\u00e9e g\u00e9n\u00e9rale des Nations Unies au Si\u00e8ge de l\u2019ONU, \u00e0 New York, le nouveau repr\u00e9sentant de la Tunisie, Moncef Baati a pr\u00e9sent\u00e9 lundi matin, 16 septembre, ses lettres de cr\u00e9ance au Secr\u00e9taire g\u00e9n\u00e9ral de l\u2019ONU, M. Ant\u00f3nio Guterres.\u00a0<\/p>\n<p><img decoding=\"async\" src=\"\/uploads\/FCK_files\/Moncef-Baati-(3).jpg\" alt=\"\" width=\"100%\" vspace=\"5\" hspace=\"5\" align=\"middle\"\/><\/p>\n<p>Dans ses nouvelles fonctions, l\u2019ambassadeur Baati aura beaucoup de pain sur la planche. D\u2019embl\u00e9e, il s\u2019agit du d\u00e9placement la semaine prochaine \u00e0 New York, du pr\u00e9sident de la R\u00e9publique par int\u00e9rim, Mohamed Ennaceur qui s\u2019adressera \u00e0 l\u2019Assembl\u00e9e g\u00e9n\u00e9rale et aura \u00e0 cette occasion une s\u00e9rie d\u2019entretiens de haut niveau. Aussi, la Tunisie, \u00e9lue membre non-permanent au conseil de S\u00e9curit\u00e9 pour la p\u00e9riode 2020 \u2013 2022, participera d\u2019ores et d\u00e9j\u00e0 aux r\u00e9unions pr\u00e9paratoires qui ont commenc\u00e9 d\u00e8s ce lundi \u00e0 New York.<\/p>\n<p>Auteur:<br \/>\n<a href=\"https:\/\/www.leaders.com.tn\/article\/27989-l-ambassadeur-moncef-baati-presente-ses-lettres-de-creances-au-secretaire-general-des-nations-unies\">Cliquez ici pour lire l&rsquo;article depuis sa source.<\/a><\/p>\n","protected":false},"excerpt":{"rendered":"<p>Just in time ! Juste la veille de l\u2019ouverture cet apr\u00e8s-midi mardi 17 septembre 2019, des travaux de la 74\u00e8me session de l&rsquo;Assembl\u00e9e g\u00e9n\u00e9rale des Nations Unies au Si\u00e8ge de l\u2019ONU, \u00e0 New York, le nouveau repr\u00e9sentant de la Tunisie, Moncef Baati a pr\u00e9sent\u00e9 lundi matin, 16 septembre, ses lettres de cr\u00e9ance au Secr\u00e9taire g\u00e9n\u00e9ral [&hellip;]<\/p>\n","protected":false},"author":1772,"featured_media":61450,"comment_status":"closed","ping_status":"closed","sticky":false,"template":"","format":"standard","meta":{"fifu_image_url":"","fifu_image_alt":"","footnotes":""},"categories":[73,55],"tags":[],"class_list":["post-61449","post","type-post","status-publish","format-standard","has-post-thumbnail","hentry","category-actualite","category-tunisie"],"_links":{"self":[{"href":"https:\/\/linitiative.ca\/International\/wp-json\/wp\/v2\/posts\/61449","targetHints":{"allow":["GET"]}}],"collection":[{"href":"https:\/\/linitiative.ca\/International\/wp-json\/wp\/v2\/posts"}],"about":[{"href":"https:\/\/linitiative.ca\/International\/wp-json\/wp\/v2\/types\/post"}],"author":[{"embeddable":true,"href":"https:\/\/linitiative.ca\/International\/wp-json\/wp\/v2\/users\/1772"}],"replies":[{"embeddable":true,"href":"https:\/\/linitiative.ca\/International\/wp-json\/wp\/v2\/comments?post=61449"}],"version-history":[{"count":0,"href":"https:\/\/linitiative.ca\/International\/wp-json\/wp\/v2\/posts\/61449\/revisions"}],"wp:featuredmedia":[{"embeddable":true,"href":"https:\/\/linitiative.ca\/International\/wp-json\/"}],"wp:attachment":[{"href":"https:\/\/linitiative.ca\/International\/wp-json\/wp\/v2\/media?parent=61449"}],"wp:term":[{"taxonomy":"category","embeddable":true,"href":"https:\/\/linitiative.ca\/International\/wp-json\/wp\/v2\/categories?post=61449"},{"taxonomy":"post_tag","embeddable":true,"href":"https:\/\/linitiative.ca\/International\/wp-json\/wp\/v2\/tags?post=61449"}],"curies":[{"name":"wp","href":"https:\/\/api.w.org\/{rel}","templated":true}]}}