{"id":61451,"date":"2019-09-17T11:53:00","date_gmt":"2019-09-17T15:53:00","guid":{"rendered":"https:\/\/linitiative.ca\/International\/election-presidentielle-annonce-des-resultats-preliminaires-saied-et-karoui-accedent-au-second-tour\/"},"modified":"2019-09-17T11:53:00","modified_gmt":"2019-09-17T15:53:00","slug":"election-presidentielle-annonce-des-resultats-preliminaires-saied-et-karoui-accedent-au-second-tour","status":"publish","type":"post","link":"https:\/\/linitiative.ca\/International\/election-presidentielle-annonce-des-resultats-preliminaires-saied-et-karoui-accedent-au-second-tour\/","title":{"rendered":"Election  pr\u00e9sidentielle: annonce des r\u00e9sultats pr\u00e9liminaires, Sa\u00efed et Karoui acc\u00e8dent au second tour"},"content":{"rendered":"<p>Avec quelque retard qui a permis \u00e0 certains de donner libre cours \u00e0 leur imagination, le pr\u00e9sident de l\u2019ISIE, Nabil Baffoun a annonc\u00e9 mardi apr\u00e8s-midi les r\u00e9sultats pr\u00e9liminaires du premier tour apr\u00e8s le d\u00e9pouillement de tous les bulletins de vote. Il a \u00e9galement confirm\u00e9 l&rsquo;accession du candidat ind\u00e9pendant Ka\u00efs Sa\u00efed et le pr\u00e9sident du parti \u00abAu C\u0153ur de la Tunisie\u00bb, Nabil Karoui acc\u00e8dent au second tour des \u00e9lections pr\u00e9sidentielles anticip\u00e9es. Ka\u00efs Sa\u00efed a obtenu 18.4% des voix alors que Nabil Karoui a recueilli 15.58%.<\/p>\n<p class=\"c2\"><img decoding=\"async\" src=\"\/uploads\/FCK_files\/resultat.jpg\" alt=\"\" width=\"100%\" vspace=\"5\" hspace=\"5\" align=\"middle\"\/><\/p>\n<p>Les recours seront recevables \u00e0 compter de mercredi 18 septembre, alors que la date du second tour sera fix\u00e9e ult\u00e9rieurement.<\/p>\n<p>Auteur:<br \/>\n<a href=\"https:\/\/www.leaders.com.tn\/article\/27990-election-presidentielle-annonce-des-resultats-preliminaires-saied-et-karoui-accedent-au-second-tour\">Cliquez ici pour lire l&rsquo;article depuis sa source.<\/a><\/p>\n","protected":false},"excerpt":{"rendered":"<p>Avec quelque retard qui a permis \u00e0 certains de donner libre cours \u00e0 leur imagination, le pr\u00e9sident de l\u2019ISIE, Nabil Baffoun a annonc\u00e9 mardi apr\u00e8s-midi les r\u00e9sultats pr\u00e9liminaires du premier tour apr\u00e8s le d\u00e9pouillement de tous les bulletins de vote. Il a \u00e9galement confirm\u00e9 l&rsquo;accession du candidat ind\u00e9pendant Ka\u00efs Sa\u00efed et le pr\u00e9sident du parti [&hellip;]<\/p>\n","protected":false},"author":1772,"featured_media":61452,"comment_status":"closed","ping_status":"closed","sticky":false,"template":"","format":"standard","meta":{"fifu_image_url":"","fifu_image_alt":"","footnotes":""},"categories":[73,55],"tags":[],"class_list":["post-61451","post","type-post","status-publish","format-standard","has-post-thumbnail","hentry","category-actualite","category-tunisie"],"_links":{"self":[{"href":"https:\/\/linitiative.ca\/International\/wp-json\/wp\/v2\/posts\/61451","targetHints":{"allow":["GET"]}}],"collection":[{"href":"https:\/\/linitiative.ca\/International\/wp-json\/wp\/v2\/posts"}],"about":[{"href":"https:\/\/linitiative.ca\/International\/wp-json\/wp\/v2\/types\/post"}],"author":[{"embeddable":true,"href":"https:\/\/linitiative.ca\/International\/wp-json\/wp\/v2\/users\/1772"}],"replies":[{"embeddable":true,"href":"https:\/\/linitiative.ca\/International\/wp-json\/wp\/v2\/comments?post=61451"}],"version-history":[{"count":0,"href":"https:\/\/linitiative.ca\/International\/wp-json\/wp\/v2\/posts\/61451\/revisions"}],"wp:featuredmedia":[{"embeddable":true,"href":"https:\/\/linitiative.ca\/International\/wp-json\/"}],"wp:attachment":[{"href":"https:\/\/linitiative.ca\/International\/wp-json\/wp\/v2\/media?parent=61451"}],"wp:term":[{"taxonomy":"category","embeddable":true,"href":"https:\/\/linitiative.ca\/International\/wp-json\/wp\/v2\/categories?post=61451"},{"taxonomy":"post_tag","embeddable":true,"href":"https:\/\/linitiative.ca\/International\/wp-json\/wp\/v2\/tags?post=61451"}],"curies":[{"name":"wp","href":"https:\/\/api.w.org\/{rel}","templated":true}]}}