{"id":61457,"date":"2019-09-17T06:00:00","date_gmt":"2019-09-17T10:00:00","guid":{"rendered":"https:\/\/linitiative.ca\/International\/une-cooperative-immobiliere-tres-particuliere\/"},"modified":"2019-09-17T06:00:00","modified_gmt":"2019-09-17T10:00:00","slug":"une-cooperative-immobiliere-tres-particuliere","status":"publish","type":"post","link":"https:\/\/linitiative.ca\/International\/une-cooperative-immobiliere-tres-particuliere\/","title":{"rendered":"Une coop\u00e9rative immobili\u00e8re tr\u00e8s particuli\u00e8re"},"content":{"rendered":"<p>L\u2019histoire para\u00eet invraisemblable. Des personnes inscrites \u00e0 la coop\u00e9rative immobili\u00e8re \u00abLes Vergers\u00bb depuis\u20262007 et qui ont vers\u00e9 des sommes d\u2019argent importantes n\u2019ont toujours pas occup\u00e9 leurs logements. Le promoteur est \u00abSCI Rafik El Noudjoum\u00bb.<br \/>Si, effectivement, il a remis les clefs \u00e0 des souscripteurs pour qu\u2019ils puissent terminer eux-m\u00eames les travaux int\u00e9rieurs de fait de la formule \u00abclos-couvert\u00bb, les escaliers de l\u2019immeuble ainsi que les espaces communs ne sont pas termin\u00e9s. C\u2019est un vrai calvaire. Les autorit\u00e9s sont sollicit\u00e9es pour intervenir et mettre fin \u00e0 cette grande injustice.<\/p>\n<p>Auteur:<br \/>\n<a href=\"https:\/\/www.lesoirdalgerie.com\/periscoop\/une-cooperative-immobiliere-tres-particuliere-30324\">Cliquez ici pour lire l&rsquo;article depuis sa source.<\/a><\/p>\n","protected":false},"excerpt":{"rendered":"<p>L\u2019histoire para\u00eet invraisemblable. Des personnes inscrites \u00e0 la coop\u00e9rative immobili\u00e8re \u00abLes Vergers\u00bb depuis\u20262007 et qui ont vers\u00e9 des sommes d\u2019argent importantes n\u2019ont toujours pas occup\u00e9 leurs logements. Le promoteur est \u00abSCI Rafik El Noudjoum\u00bb.Si, effectivement, il a remis les clefs \u00e0 des souscripteurs pour qu\u2019ils puissent terminer eux-m\u00eames les travaux int\u00e9rieurs de fait de la [&hellip;]<\/p>\n","protected":false},"author":1741,"featured_media":0,"comment_status":"closed","ping_status":"closed","sticky":false,"template":"","format":"standard","meta":{"fifu_image_url":"","fifu_image_alt":"","footnotes":""},"categories":[73,53],"tags":[],"class_list":["post-61457","post","type-post","status-publish","format-standard","hentry","category-actualite","category-algerie"],"_links":{"self":[{"href":"https:\/\/linitiative.ca\/International\/wp-json\/wp\/v2\/posts\/61457","targetHints":{"allow":["GET"]}}],"collection":[{"href":"https:\/\/linitiative.ca\/International\/wp-json\/wp\/v2\/posts"}],"about":[{"href":"https:\/\/linitiative.ca\/International\/wp-json\/wp\/v2\/types\/post"}],"author":[{"embeddable":true,"href":"https:\/\/linitiative.ca\/International\/wp-json\/wp\/v2\/users\/1741"}],"replies":[{"embeddable":true,"href":"https:\/\/linitiative.ca\/International\/wp-json\/wp\/v2\/comments?post=61457"}],"version-history":[{"count":0,"href":"https:\/\/linitiative.ca\/International\/wp-json\/wp\/v2\/posts\/61457\/revisions"}],"wp:attachment":[{"href":"https:\/\/linitiative.ca\/International\/wp-json\/wp\/v2\/media?parent=61457"}],"wp:term":[{"taxonomy":"category","embeddable":true,"href":"https:\/\/linitiative.ca\/International\/wp-json\/wp\/v2\/categories?post=61457"},{"taxonomy":"post_tag","embeddable":true,"href":"https:\/\/linitiative.ca\/International\/wp-json\/wp\/v2\/tags?post=61457"}],"curies":[{"name":"wp","href":"https:\/\/api.w.org\/{rel}","templated":true}]}}