{"id":61459,"date":"2019-09-17T06:00:00","date_gmt":"2019-09-17T10:00:00","guid":{"rendered":"https:\/\/linitiative.ca\/International\/sauver-ce-qui-peut-encore-letre\/"},"modified":"2019-09-17T06:00:00","modified_gmt":"2019-09-17T10:00:00","slug":"sauver-ce-qui-peut-encore-letre","status":"publish","type":"post","link":"https:\/\/linitiative.ca\/International\/sauver-ce-qui-peut-encore-letre\/","title":{"rendered":"Sauver ce qui peut encore l\u2019\u00eatre  ?"},"content":{"rendered":"<p class=\"c3\">Chaque Alg\u00e9rien qui, soit bat le pav\u00e9 pour se faire entendre, soit consid\u00e8re la rue comme une quantit\u00e9 n\u00e9gligeable et se persuade qu\u2019elle est non repr\u00e9sentative d\u2019un pays qui ne demanderait qu\u2019\u00e0 se laisser guider, se r\u00e9veille le matin, d\u00e9termin\u00e9 \u00e0 en finir avec l\u2019autre. Pas de la m\u00eame fa\u00e7on, \u00e9videmment. Ni avec les m\u00eames armes. Les uns, dans une recherche de sens \u00e0 leur vie, pr\u00f4nent la revendication pacifique.\u00a0<br \/>Les autres sont prisonniers d\u2019obsessions. Celles d\u2019an\u00e9antir, par n\u2019importe quel moyen, les ennemis d\u2019un si d\u00e9testable changement dans la continuit\u00e9. Je dis d\u00e9testable, aujourd\u2019hui ! Il n\u2019est pas certain que dans un proche avenir et au rythme o\u00f9 \u00e9volue la situation, avec ce m\u00e9chant penchant pour la r\u00e9pression, la libert\u00e9 de le dire, en ces termes, demeure ce qu\u2019elle est. Quel que soit, donc, le groupe social et politique auquel il appartient, l\u2019Alg\u00e9rien appr\u00e9ciera le principe de sauvetage de la fa\u00e7on qui lui permettra le mieux de cultiver son souffle en collant \u00e0 une r\u00e9alit\u00e9 qui l\u2019inspire.<br \/>Renvoyer de soi une image de tol\u00e9rance et de sang-froid n\u2019est pas inscrit au programme de qui \u00e9touffera la voix de l\u2019autre pour hurler l\u2019urgence de courir aux urnes. Une pr\u00e9sidentielle dont chacun sait qui elle va servir et qui elle va avantager. En attendant, les manifestants d\u00e9filent au fil des jours devant des juges qui n\u2019auront jamais autant s\u00e9vi pour pas grand-chose.\u00a0<br \/>Depuis le 22 f\u00e9vrier dernier et m\u00eame quelques jours auparavant, des vid\u00e9os qui t\u00e9moignent de l\u2019effervescence qui caract\u00e9rise l\u2019actualit\u00e9 circulent, ici et l\u00e0, par centaines et m\u00eame plus.\u00a0<br \/>Parmi elles, il y en a\u00a0 qui sont surprenantes par la s\u00e9r\u00e9nit\u00e9 qu\u2019elles d\u00e9gagent. Celles, par exemple, o\u00f9 policiers et marcheurs \u00e9changent calmement, tandis que les premiers sont en train d\u2019embarquer les seconds.\u00a0<br \/>Les faits m\u00e9ritent, \u00e0 mon avis, que l\u2019on en parle. Non pas pour rendre gr\u00e2ce \u00e0 des forces de l\u2019ordre revenues \u00e0 leur pacifisme des mois de f\u00e9vrier et mars, mais pour rendre compte de ce sentiment de sourde r\u00e9volte qui r\u00e8gne aussi au sein de ce corps de s\u00e9curit\u00e9. Il y en a qui n\u2019ont pas envie de faire dans la d\u00e9monstration de force, mais qui ne souhaitent pas forc\u00e9ment \u00eatre d\u00e9masqu\u00e9s.\u00a0<br \/><em><strong>M. B.\u00a0<\/strong><\/em><\/p>\n<p>Auteur:<br \/>\n<a href=\"https:\/\/www.lesoirdalgerie.com\/soit-dit-en-passant\/sauver-ce-qui-peut-encore-letre-30322\">Cliquez ici pour lire l&rsquo;article depuis sa source.<\/a><\/p>\n","protected":false},"excerpt":{"rendered":"<p>Chaque Alg\u00e9rien qui, soit bat le pav\u00e9 pour se faire entendre, soit consid\u00e8re la rue comme une quantit\u00e9 n\u00e9gligeable et se persuade qu\u2019elle est non repr\u00e9sentative d\u2019un pays qui ne demanderait qu\u2019\u00e0 se laisser guider, se r\u00e9veille le matin, d\u00e9termin\u00e9 \u00e0 en finir avec l\u2019autre. Pas de la m\u00eame fa\u00e7on, \u00e9videmment. Ni avec les m\u00eames [&hellip;]<\/p>\n","protected":false},"author":1741,"featured_media":0,"comment_status":"closed","ping_status":"closed","sticky":false,"template":"","format":"standard","meta":{"fifu_image_url":"","fifu_image_alt":"","footnotes":""},"categories":[73,53],"tags":[],"class_list":["post-61459","post","type-post","status-publish","format-standard","hentry","category-actualite","category-algerie"],"_links":{"self":[{"href":"https:\/\/linitiative.ca\/International\/wp-json\/wp\/v2\/posts\/61459","targetHints":{"allow":["GET"]}}],"collection":[{"href":"https:\/\/linitiative.ca\/International\/wp-json\/wp\/v2\/posts"}],"about":[{"href":"https:\/\/linitiative.ca\/International\/wp-json\/wp\/v2\/types\/post"}],"author":[{"embeddable":true,"href":"https:\/\/linitiative.ca\/International\/wp-json\/wp\/v2\/users\/1741"}],"replies":[{"embeddable":true,"href":"https:\/\/linitiative.ca\/International\/wp-json\/wp\/v2\/comments?post=61459"}],"version-history":[{"count":0,"href":"https:\/\/linitiative.ca\/International\/wp-json\/wp\/v2\/posts\/61459\/revisions"}],"wp:attachment":[{"href":"https:\/\/linitiative.ca\/International\/wp-json\/wp\/v2\/media?parent=61459"}],"wp:term":[{"taxonomy":"category","embeddable":true,"href":"https:\/\/linitiative.ca\/International\/wp-json\/wp\/v2\/categories?post=61459"},{"taxonomy":"post_tag","embeddable":true,"href":"https:\/\/linitiative.ca\/International\/wp-json\/wp\/v2\/tags?post=61459"}],"curies":[{"name":"wp","href":"https:\/\/api.w.org\/{rel}","templated":true}]}}