{"id":61462,"date":"2019-09-17T11:25:05","date_gmt":"2019-09-17T15:25:05","guid":{"rendered":"https:\/\/linitiative.ca\/International\/tunisie-kais-saied-et-nabil-karoui-au-second-tour-de-la-presidentielle-anticipee\/"},"modified":"2019-09-17T11:25:05","modified_gmt":"2019-09-17T15:25:05","slug":"tunisie-kais-saied-et-nabil-karoui-au-second-tour-de-la-presidentielle-anticipee","status":"publish","type":"post","link":"https:\/\/linitiative.ca\/International\/tunisie-kais-saied-et-nabil-karoui-au-second-tour-de-la-presidentielle-anticipee\/","title":{"rendered":"Tunisie : Kais Saied et Nabil Karoui au second tour de la pr\u00e9sidentielle anticip\u00e9e"},"content":{"rendered":"<p><strong>L\u2019Instance Ind\u00e9pendante Sup\u00e9rieure des \u00c9lections vient de rendre les r\u00e9sultats d\u00e9finitifs du premier tour de la pr\u00e9sidentielle anticip\u00e9e.<\/strong><\/p>\n<div class=\"c10\"\/>\n<p>Le candidat ind\u00e9pendant, Kais Saied avec 18,4% des voix, et le pr\u00e9sident du parti \u00ab\u00a0Qalb Tounes\u00a0\u00bb (c\u0153ur de la Tunisie), Nabil Karoui (15,58%), vont s\u2019affronter lors du 2<sup>\u00e8me<\/sup> tour de l\u2019<strong>\u00e9lection pr\u00e9sidentielle anticip\u00e9e<\/strong>, a annonc\u00e9 mardi le pr\u00e9sident de l\u2019Instance Ind\u00e9pendante Sup\u00e9rieure des \u00c9lections (ISIE), Nabil Baffoun.<\/p>\n<p>L\u2019ISIE a annonc\u00e9 que le second tour de la pr\u00e9sidentielle pourrait se tenir le m\u00eame jour que les \u00e9lections l\u00e9gislatives pr\u00e9vues le 6 octobre.\u00a0 \u00ab\u00a0Si les recours en urgence sont d\u00e9pos\u00e9s uniquement en premi\u00e8re instance, l\u2019instance \u00e9lectorale peut tenir le second tour du scrutin pr\u00e9sidentiel le 6 octobre\u00a0\u00bb, a pr\u00e9cis\u00e9 Anis Jarboui, membre de l\u2019ISIE, dans des d\u00e9clarations \u00e0 la presse. Il s\u2019agit \u00e9galement de pr\u00e9voir deux urnes pour chaque scrutin dans les bureaux de vote, a-t-il pr\u00e9cis\u00e9.<\/p>\n<p>Pour sa part, le vice-pr\u00e9sident de l\u2019ISIE, Farouk Bouasker a avanc\u00e9 trois dates pour la tenue de ce second tour des \u00e9lections pr\u00e9sidentielles en <strong>Tunisie<\/strong> \u00e0 savoir le 29 septembre, le 6 octobre ou le 13 du m\u00eame mois au plus tard. Selon lui, le calendrier pour le deuxi\u00e8me tour est tributaire des deux voies de recours et en cas d\u2019appel, l\u2019instance \u00e9lectorale optera pour la date la plus \u00e9loign\u00e9e.<\/p>\n<p>Lire aussi : <a href=\"https:\/\/www.challenge.ma\/la-tunisie-perd-son-president-113738\/\" target=\"_blank\" rel=\"noreferrer noopener\" aria-label=\"La Tunisie perd son Pr\u00e9sident ! (s\u2019ouvre dans un nouvel onglet)\">La Tunisie perd son Pr\u00e9sident !<\/a><\/p>\n<p>Pour rappel, vingt-six candidats, qui ont essay\u00e9 durant la campagne \u00e9lectorale de deux semaines de s\u2019assurer les voix de plus de sept millions inscrits sur les listes \u00e9lectorales ont pris part \u00e0 ce scrutin, marqu\u00e9 par un taux de participation de 45,02%.<\/p>\n<p>\u00c0 noter que Nabil Karoui a \u00e9t\u00e9 arr\u00eat\u00e9 le 23 ao\u00fbt \u00e0 la suite d\u2019un mandat d\u2019arr\u00eat \u00e9mis par la chambre d\u2019accusation de la cour d\u2019appel de Tunis. Malgr\u00e9 son arrestation, sa candidature est maintenue. Il n\u2019a pas \u00e9t\u00e9 \u00e0 ce jour condamn\u00e9 par la justice, ni priv\u00e9 de ses droits civiques.<\/p>\n<div class=\"c17\">\n<fieldset class=\"c16\">\n<legend><strong><span class=\"c11\">Challenge<\/span><span class=\"c12\">news<\/span><\/strong><\/legend>\n<div class=\"c15\">Le meilleur de la r\u00e9daction s\u00e9lectionn\u00e9 par Challenge :<\/p>\n<\/div>\n<\/fieldset>\n<\/div>\n<p>Auteur: Karim Handaoui<br \/>\n<a href=\"https:\/\/www.challenge.ma\/tunisie-kais-saied-et-nabil-karoui-au-second-tour-de-la-presidentielle-anticipee-117549\/\">Cliquez ici pour lire l&rsquo;article depuis sa source.<\/a><\/p>\n","protected":false},"excerpt":{"rendered":"<p>L\u2019Instance Ind\u00e9pendante Sup\u00e9rieure des \u00c9lections vient de rendre les r\u00e9sultats d\u00e9finitifs du premier tour de la pr\u00e9sidentielle anticip\u00e9e. Le candidat ind\u00e9pendant, Kais Saied avec 18,4% des voix, et le pr\u00e9sident du parti \u00ab\u00a0Qalb Tounes\u00a0\u00bb (c\u0153ur de la Tunisie), Nabil Karoui (15,58%), vont s\u2019affronter lors du 2\u00e8me tour de l\u2019\u00e9lection pr\u00e9sidentielle anticip\u00e9e, a annonc\u00e9 mardi le [&hellip;]<\/p>\n","protected":false},"author":1787,"featured_media":0,"comment_status":"closed","ping_status":"closed","sticky":false,"template":"","format":"standard","meta":{"fifu_image_url":"","fifu_image_alt":"","footnotes":""},"categories":[78,54],"tags":[],"class_list":["post-61462","post","type-post","status-publish","format-standard","hentry","category-economie","category-maroc"],"_links":{"self":[{"href":"https:\/\/linitiative.ca\/International\/wp-json\/wp\/v2\/posts\/61462","targetHints":{"allow":["GET"]}}],"collection":[{"href":"https:\/\/linitiative.ca\/International\/wp-json\/wp\/v2\/posts"}],"about":[{"href":"https:\/\/linitiative.ca\/International\/wp-json\/wp\/v2\/types\/post"}],"author":[{"embeddable":true,"href":"https:\/\/linitiative.ca\/International\/wp-json\/wp\/v2\/users\/1787"}],"replies":[{"embeddable":true,"href":"https:\/\/linitiative.ca\/International\/wp-json\/wp\/v2\/comments?post=61462"}],"version-history":[{"count":0,"href":"https:\/\/linitiative.ca\/International\/wp-json\/wp\/v2\/posts\/61462\/revisions"}],"wp:attachment":[{"href":"https:\/\/linitiative.ca\/International\/wp-json\/wp\/v2\/media?parent=61462"}],"wp:term":[{"taxonomy":"category","embeddable":true,"href":"https:\/\/linitiative.ca\/International\/wp-json\/wp\/v2\/categories?post=61462"},{"taxonomy":"post_tag","embeddable":true,"href":"https:\/\/linitiative.ca\/International\/wp-json\/wp\/v2\/tags?post=61462"}],"curies":[{"name":"wp","href":"https:\/\/api.w.org\/{rel}","templated":true}]}}