{"id":61464,"date":"2019-09-17T13:27:01","date_gmt":"2019-09-17T17:27:01","guid":{"rendered":"https:\/\/linitiative.ca\/International\/audiovisuel-mbc5-veut-rayonner-sur-le-maghreb\/"},"modified":"2019-09-17T13:27:01","modified_gmt":"2019-09-17T17:27:01","slug":"audiovisuel-mbc5-veut-rayonner-sur-le-maghreb","status":"publish","type":"post","link":"https:\/\/linitiative.ca\/International\/audiovisuel-mbc5-veut-rayonner-sur-le-maghreb\/","title":{"rendered":"Audiovisuel : MBC5 veut rayonner sur le Maghreb"},"content":{"rendered":"<p><strong>La nouvelle cha\u00eene 100% maghr\u00e9bine, MBC5, fait la part belle aux stars, artistes, com\u00e9diens et chanteurs Marocains. Elle sera lanc\u00e9e le 21 septembre 2019 avec la diffusion du premier \u00e9pisode de la cinqui\u00e8me saison de \u00abThe Voice\u00bb.<\/strong><\/p>\n<div class=\"c10\"\/>\n<p>Certains com\u00e9diens et chanteurs marocains ont \u00e9t\u00e9 aper\u00e7us lors de la conf\u00e9rence de presse organis\u00e9e dimanche soir \u00e0 Beyrouth pour pr\u00e9senter MBC5. Un \u00e9v\u00e9nement marqu\u00e9 par la pr\u00e9sence de plusieurs m\u00e9dias marocains y compris Lalla Fatema qui a rencontr\u00e9 plusieurs artistes dont Douzi, Taha Essou, Jamila El Badaoui, Abdel Fattah Al Grini et plusieurs autres stars marocaines.<\/p>\n<p>Les principaux objectifs de MBC dans le lancement de cette nouvelle cha\u00eene MBC5, sont multiples et ambitieux pour la r\u00e9gion. Il va sans dire que ce projet va stimuler les investissements, d\u00e9velopper consid\u00e9rablement les productions nationales et contribuer ainsi \u00e0 la promotion et \u00e0 l\u2019expansion du march\u00e9. Ceci permettra de cr\u00e9er de nouvelles opportunit\u00e9s d\u2019emplois, particuli\u00e8rement chez les jeunes, et favorisera les \u00e9changes d\u2019exp\u00e9riences tant sur le plan local et r\u00e9gional qu\u2019\u00e0 l\u2019international.<\/p>\n<p>\u00abGr\u00e2ce \u00e0 une \u00e9quipe de travail engag\u00e9e et motiv\u00e9e et la collaboration des artistes du Maroc et d\u2019autres pays du Maghreb, nous avons r\u00e9ussi, dans un temps record, \u00e0 mettre en place un programme diversifi\u00e9 et progressif incluant des productions maghr\u00e9bines, arabes, ainsi que d\u2019autres \u00e9missions et cr\u00e9ations exclusives\u00a0\u00bb, explique Mohamed Abdelmota\u00e2l, pr\u00e9sident de MBC5.<\/p>\n<p>Le secteur audiovisuel conna\u00eetra donc une concurrence certaine avec l\u2019entr\u00e9e de MBC5 au march\u00e9, notamment avec la cha\u00eene 2M Maroc puisque le dernier n\u00e9 promet d\u2019offrir un panel de programmes diversifi\u00e9s incluant des productions maghr\u00e9bines, arabes, ainsi que d\u2019autres \u00e9missions et cr\u00e9ations exclusives dont elle a d\u00e9j\u00e0 affich\u00e9 des programmations telles que :<\/p>\n<p>\u2013 Khaled w Hbabou\u00a0: Un programme de vari\u00e9t\u00e9s pr\u00e9sent\u00e9 par Khaled.<\/p>\n<p>\u2013 Dar Darkoum :\u00a0Une com\u00e9die, produite par GoPro, o\u00f9 les stars du Maghreb seront mises en avant, avec pour vedettes principales les deux com\u00e9diens Driss et Mehdi.<\/p>\n<p>\u2013 Jwabek Dahab:\u00a0Cette \u00e9mission s\u2019articule autour d\u2019une comp\u00e9tition et proposera aux gagnants, issus de tout le Maghreb, des r\u00e9compenses en or. Elle sera pr\u00e9sent\u00e9e par le jeune acteur-pr\u00e9sentateur Mourad El Achaabi et sera produite par Cinetelema.<\/p>\n<p>\u2013 Asrar Nissae :\u00a0Programme social, centr\u00e9 sur la vie et les secrets d\u2019un groupe d\u2019amies.<\/p>\n<p>Produit par Cinetelema, il met en vedette les actrices marocaines Badia Senhaji, Maha Boukhari, Maria Nadim et Soukaina Derbile.<\/p>\n<p>\u2013 Kheli balek men Fifi:\u00a0Cette \u00e9mission humoristique r\u00e9unit plusieurs artistes marocains et arabes. Elle sera pr\u00e9sent\u00e9e par Fifi Abdo et Zineb Obaid.<\/p>\n<p>\u2013 Jalassat maa Najat :\u00a0Il s\u2019agit d\u2019un programme de social entertainment pr\u00e9sent\u00e9 par la chanteuse marocaine Najat Aatabou.<\/p>\n<p>\u2013 Jalassat Faniya :\u00a0Une \u00e9mission sign\u00e9e Med Production.<\/p>\n<p>\u2013 \u00abStrike\u00bb : Cette \u00e9mission est pr\u00e9sent\u00e9e par le com\u00e9dien marocain Hamza Filali.<\/p>\n<p>\u2013 Sa3a Saida : Une \u00e9mission pr\u00e9sent\u00e9e par Abdel Fattah Al Grini et Jamila El Badaoui.<\/p>\n<p>\u2013 Le Talk Show : Cette \u00e9mission accueillera chaque jour les grandes stars du chant et de l\u2019Art issues des diff\u00e9rents pays du Maghreb. Des r\u00e9compenses seront distribu\u00e9es au public.<\/p>\n<div class=\"c45\">\n<fieldset class=\"c44\">\n<legend><strong><span class=\"c39\">Challenge<\/span><span class=\"c40\">news<\/span><\/strong><\/legend>\n<div class=\"c43\">Le meilleur de la r\u00e9daction s\u00e9lectionn\u00e9 par Challenge :<\/p>\n<\/div>\n<\/fieldset>\n<\/div>\n<p>Auteur: Hajar DARI<br \/>\n<a href=\"https:\/\/www.challenge.ma\/audiovisuel-mbc5-veut-rayonner-sur-le-maghreb-117500\/\">Cliquez ici pour lire l&rsquo;article depuis sa source.<\/a><\/p>\n","protected":false},"excerpt":{"rendered":"<p>La nouvelle cha\u00eene 100% maghr\u00e9bine, MBC5, fait la part belle aux stars, artistes, com\u00e9diens et chanteurs Marocains. Elle sera lanc\u00e9e le 21 septembre 2019 avec la diffusion du premier \u00e9pisode de la cinqui\u00e8me saison de \u00abThe Voice\u00bb. Certains com\u00e9diens et chanteurs marocains ont \u00e9t\u00e9 aper\u00e7us lors de la conf\u00e9rence de presse organis\u00e9e dimanche soir \u00e0 [&hellip;]<\/p>\n","protected":false},"author":1787,"featured_media":0,"comment_status":"closed","ping_status":"closed","sticky":false,"template":"","format":"standard","meta":{"fifu_image_url":"","fifu_image_alt":"","footnotes":""},"categories":[78,54],"tags":[],"class_list":["post-61464","post","type-post","status-publish","format-standard","hentry","category-economie","category-maroc"],"_links":{"self":[{"href":"https:\/\/linitiative.ca\/International\/wp-json\/wp\/v2\/posts\/61464","targetHints":{"allow":["GET"]}}],"collection":[{"href":"https:\/\/linitiative.ca\/International\/wp-json\/wp\/v2\/posts"}],"about":[{"href":"https:\/\/linitiative.ca\/International\/wp-json\/wp\/v2\/types\/post"}],"author":[{"embeddable":true,"href":"https:\/\/linitiative.ca\/International\/wp-json\/wp\/v2\/users\/1787"}],"replies":[{"embeddable":true,"href":"https:\/\/linitiative.ca\/International\/wp-json\/wp\/v2\/comments?post=61464"}],"version-history":[{"count":0,"href":"https:\/\/linitiative.ca\/International\/wp-json\/wp\/v2\/posts\/61464\/revisions"}],"wp:attachment":[{"href":"https:\/\/linitiative.ca\/International\/wp-json\/wp\/v2\/media?parent=61464"}],"wp:term":[{"taxonomy":"category","embeddable":true,"href":"https:\/\/linitiative.ca\/International\/wp-json\/wp\/v2\/categories?post=61464"},{"taxonomy":"post_tag","embeddable":true,"href":"https:\/\/linitiative.ca\/International\/wp-json\/wp\/v2\/tags?post=61464"}],"curies":[{"name":"wp","href":"https:\/\/api.w.org\/{rel}","templated":true}]}}