{"id":61465,"date":"2019-09-17T16:55:43","date_gmt":"2019-09-17T20:55:43","guid":{"rendered":"https:\/\/linitiative.ca\/International\/golf-partenariat-de-5-ans-entre-lath-ii-et-pga-tour-champions\/"},"modified":"2019-09-17T16:55:43","modified_gmt":"2019-09-17T20:55:43","slug":"golf-partenariat-de-5-ans-entre-lath-ii-et-pga-tour-champions","status":"publish","type":"post","link":"https:\/\/linitiative.ca\/International\/golf-partenariat-de-5-ans-entre-lath-ii-et-pga-tour-champions\/","title":{"rendered":"Golf : partenariat de 5 ans entre l\u2019ATH II et PGA TOUR Champions"},"content":{"rendered":"<p><strong>Le\u00a0<a href=\"https:\/\/www.pgatour.com\/champions\/news\/2019\/090\/17\/new-event-heading-to-morocco-starting-in-2020.html\">PGA TOUR\u00a0Champions<\/a> et l\u2019Association du <a href=\"http:\/\/www.ath.ma\/\">Troph\u00e9e Hassan II<\/a> ont annonc\u00e9, ce mardi 17 septembre, un partenariat de cinq ans. Objectif : permettre au Tour Champions de jouer au Maroc \u00e0 partir de 2020.<\/strong><\/p>\n<div class=\"c10\"\/>\n<p>Cette premi\u00e8re \u00e9dition du <strong>Morocco Champions<\/strong> se tiendra au Samanah Golf Club \u00e0 Marrakech dans la semaine du lundi 27 janvier au samedi 1er f\u00e9vrier, avec une cl\u00f4ture sp\u00e9ciale lors de la derni\u00e8re journ\u00e9e de comp\u00e9tition. Les 66 joueurs se disputeront le prestigieux prix de 2 millions de dollars, rapporte le site du PGA TOUR dont le si\u00e8ge est \u00e0 Ponte Vedra Beach en Floride.\u00a0<\/p>\n<p>Le Morocco Champions sera le deuxi\u00e8me tournoi de la saison 2020 du <strong>PGA TOUR champions<\/strong>. Il s\u2019agira du premier \u00e9v\u00e9nement en stroke play sanctionn\u00e9 par le PGA TOUR \u00e0 \u00eatre disput\u00e9 sur le continent africain.<\/p>\n<p><img decoding=\"async\" src=\"https:\/\/www.challenge.ma\/wp-content\/uploads\/2019\/09\/marrakech-golf.jpg\" alt=\"\" class=\"wp-image-117578\" srcset=\"https:\/\/www.challenge.ma\/wp-content\/uploads\/2019\/09\/marrakech-golf.jpg 847w, https:\/\/www.challenge.ma\/wp-content\/uploads\/2019\/09\/marrakech-golf-300x165.jpg 300w, https:\/\/www.challenge.ma\/wp-content\/uploads\/2019\/09\/marrakech-golf-768x423.jpg 768w, https:\/\/www.challenge.ma\/wp-content\/uploads\/2019\/09\/marrakech-golf-360x198.jpg 360w, https:\/\/www.challenge.ma\/wp-content\/uploads\/2019\/09\/marrakech-golf-750x414.jpg 750w\" sizes=\"(max-width: 847px) 100vw, 847px\"\/><\/p>\n<p>\u00abNous sommes ravis d\u2019inviter les champions du PGA TOUR au Maroc, comme nous nous associons \u00e0 l\u2019ATH pour vivre un moment v\u00e9ritablement historique dans notre sport\u00bb, a d\u00e9clar\u00e9 le pr\u00e9sident du PGA TOUR Champions, Miller Brady. \u00abEn ce d\u00e9but d\u2019ann\u00e9e 2020, la mondialisation du golf est \u00e0 son plus haut niveau et il est important pour nous d\u2019explorer les opportunit\u00e9s de faire venir les l\u00e9gendes de ce sport aux fans du monde entier. Le Morocco Champions nous permettra de r\u00e9aliser cela et nous sommes impatients de cr\u00e9er un formidable premier tournoi. \u00ab\u00a0<\/p>\n<p>De son c\u00f4t\u00e9, Mustapha Zine, vice-pr\u00e9sident d\u2019ATH, soulign\u00e9 \u00e0 cette occasion\u00a0: \u00abNous visons \u00e0 \u00e9tablir une relation solide \u00e0 long terme avec le PGA TOUR et sommes heureux d\u2019accueillir et de promouvoir les champions du Maroc. Cette comp\u00e9tition, aux c\u00f4t\u00e9s de ses joueurs de classe mondiale et de l\u2019h\u00e9bergement du march\u00e9 international du tourisme de golf (IGTM), mettra Marrakech sous les projecteurs et confirmera la ville en tant que destination mondiale pour le golf \u00bb.<\/p>\n<p>Pr\u00e9sid\u00e9e par Son Altesse Royale le Prince Moulay Rachid, l\u2019ATH organise plusieurs \u00e9v\u00e9nements internationaux, dont le <strong>Troph\u00e9e Hassan II de golf<\/strong> du European Tour et la Coupe Lalla Meryem du Ladies European Tour, qui ont \u00e9t\u00e9 les premiers tournois de golf diversifi\u00e9s pour les hommes et les femmes. L\u2019ATH promeut \u00e9galement plusieurs \u00e9v\u00e9nements nationaux et internationaux tels que le Lalla A\u00efcha Challenge du European Challenge Tour et l\u2019Atlas Pro Tour.<\/p>\n<div class=\"c17\">\n<fieldset class=\"c16\">\n<legend><strong><span class=\"c11\">Challenge<\/span><span class=\"c12\">news<\/span><\/strong><\/legend>\n<div class=\"c15\">Le meilleur de la r\u00e9daction s\u00e9lectionn\u00e9 par Challenge :<\/p>\n<\/div>\n<\/fieldset>\n<\/div>\n<p>Auteur: challenge<br \/>\n<a href=\"https:\/\/www.challenge.ma\/golf-partenariat-de-5-ans-entre-lath-ii-et-pga-tour-champions-117576\/\">Cliquez ici pour lire l&rsquo;article depuis sa source.<\/a><\/p>\n","protected":false},"excerpt":{"rendered":"<p>Le\u00a0PGA TOUR\u00a0Champions et l\u2019Association du Troph\u00e9e Hassan II ont annonc\u00e9, ce mardi 17 septembre, un partenariat de cinq ans. Objectif : permettre au Tour Champions de jouer au Maroc \u00e0 partir de 2020. Cette premi\u00e8re \u00e9dition du Morocco Champions se tiendra au Samanah Golf Club \u00e0 Marrakech dans la semaine du lundi 27 janvier au [&hellip;]<\/p>\n","protected":false},"author":1787,"featured_media":61466,"comment_status":"closed","ping_status":"closed","sticky":false,"template":"","format":"standard","meta":{"fifu_image_url":"","fifu_image_alt":"","footnotes":""},"categories":[78,54],"tags":[],"class_list":["post-61465","post","type-post","status-publish","format-standard","has-post-thumbnail","hentry","category-economie","category-maroc"],"_links":{"self":[{"href":"https:\/\/linitiative.ca\/International\/wp-json\/wp\/v2\/posts\/61465","targetHints":{"allow":["GET"]}}],"collection":[{"href":"https:\/\/linitiative.ca\/International\/wp-json\/wp\/v2\/posts"}],"about":[{"href":"https:\/\/linitiative.ca\/International\/wp-json\/wp\/v2\/types\/post"}],"author":[{"embeddable":true,"href":"https:\/\/linitiative.ca\/International\/wp-json\/wp\/v2\/users\/1787"}],"replies":[{"embeddable":true,"href":"https:\/\/linitiative.ca\/International\/wp-json\/wp\/v2\/comments?post=61465"}],"version-history":[{"count":0,"href":"https:\/\/linitiative.ca\/International\/wp-json\/wp\/v2\/posts\/61465\/revisions"}],"wp:featuredmedia":[{"embeddable":true,"href":"https:\/\/linitiative.ca\/International\/wp-json\/"}],"wp:attachment":[{"href":"https:\/\/linitiative.ca\/International\/wp-json\/wp\/v2\/media?parent=61465"}],"wp:term":[{"taxonomy":"category","embeddable":true,"href":"https:\/\/linitiative.ca\/International\/wp-json\/wp\/v2\/categories?post=61465"},{"taxonomy":"post_tag","embeddable":true,"href":"https:\/\/linitiative.ca\/International\/wp-json\/wp\/v2\/tags?post=61465"}],"curies":[{"name":"wp","href":"https:\/\/api.w.org\/{rel}","templated":true}]}}