{"id":61467,"date":"2019-09-17T15:33:52","date_gmt":"2019-09-17T19:33:52","guid":{"rendered":"https:\/\/linitiative.ca\/International\/tunisie-video-ambiance-festive-au-siege-de-9alb-tounes-apres-la-validation-du-passage-de-nabil-karoui-au-second-tour\/"},"modified":"2019-09-17T15:33:52","modified_gmt":"2019-09-17T19:33:52","slug":"tunisie-video-ambiance-festive-au-siege-de-9alb-tounes-apres-la-validation-du-passage-de-nabil-karoui-au-second-tour","status":"publish","type":"post","link":"https:\/\/linitiative.ca\/International\/tunisie-video-ambiance-festive-au-siege-de-9alb-tounes-apres-la-validation-du-passage-de-nabil-karoui-au-second-tour\/","title":{"rendered":"Tunisie \u2013 VIDEO: Ambiance festive au si\u00e8ge de 9alb Tounes apr\u00e8s la validation du passage de Nabil Karoui au second tour"},"content":{"rendered":"<div class=\"post-cont-in left relative\">\n<div class=\"swp_social_panel swp_horizontal_panel swp_flat_fresh swp_default_full_color swp_individual_full_color swp_other_full_color scale-100 scale-\" data-min-width=\"1100\" data-float-color=\"#ffffff\" data-float=\"none\" data-float-mobile=\"none\" data-transition=\"slide\">\n<div class=\"nc_tweetContainer swp_share_button total_shares total_sharesalt\"><span class=\"swp_count\">8 <span class=\"swp_label\">Partages<\/span><\/span><\/div>\n<\/div>\n<p>L\u2019ambiance \u00e9tait festive, \u00e0 la limite explosive, cet apr\u00e8s midi, au si\u00e8ge du parti 9alb Tounes, apr\u00e8s l\u2019annonce de la validation du passage de Nabil Karoui, pr\u00e9sident du parti, au second tour des \u00e9lections pr\u00e9sidentielles.<\/p>\n<p><strong>Que se passe-t-il en Tunisie?<\/strong><br \/>Nous expliquons sur notre <a href=\"https:\/\/www.youtube.com\/channel\/UCRzypVq0B_yBad5eGrwBx0Q?sub_confirmation=1\" target=\"_blank\" rel=\"noopener noreferrer\">cha\u00eene YouTube<\/a> . <a href=\"https:\/\/www.youtube.com\/channel\/UCRzypVq0B_yBad5eGrwBx0Q?sub_confirmation=1\" target=\"_blank\" rel=\"noopener noreferrer\">Abonnez-vous!<\/a><\/p>\n<div class=\"mvp-org-wrap mvp-org-logo\" itemprop=\"publisher\" itemscope=\"\" itemtype=\"https:\/\/schema.org\/Organization\">\n<p><img decoding=\"async\" src=\"https:\/\/www.tunisienumerique.com\/wp-content\/uploads\/2017\/02\/logo_tunisie_numerique.png\"\/><\/p>\n<\/div>\n<div class=\"swp_social_panel swp_horizontal_panel swp_flat_fresh swp_default_full_color swp_individual_full_color swp_other_full_color scale-100 scale-\" data-min-width=\"1100\" data-float-color=\"#ffffff\" data-float=\"none\" data-float-mobile=\"none\" data-transition=\"slide\">\n<div class=\"nc_tweetContainer swp_share_button total_shares total_sharesalt\"><span class=\"swp_count\">8 <span class=\"swp_label\">Partages<\/span><\/span><\/div>\n<\/div>\n<div class=\"mvp-related-posts left relative\">\n<h4 class=\"post-header\"><span class=\"post-header\">Lire aussi<\/span><\/h4>\n<\/div>\n<\/div>\n<p>Auteur: LM<br \/>\n<a href=\"https:\/\/www.tunisienumerique.com\/tunisie-video-ambiance-festive-au-siege-de-9alb-tounes-apres-la-validation-du-passage-de-nabil-karoui-au-second-tour\/\">Cliquez ici pour lire l&rsquo;article depuis sa source.<\/a><\/p>\n","protected":false},"excerpt":{"rendered":"<p>8 Partages L\u2019ambiance \u00e9tait festive, \u00e0 la limite explosive, cet apr\u00e8s midi, au si\u00e8ge du parti 9alb Tounes, apr\u00e8s l\u2019annonce de la validation du passage de Nabil Karoui, pr\u00e9sident du parti, au second tour des \u00e9lections pr\u00e9sidentielles. Que se passe-t-il en Tunisie?Nous expliquons sur notre cha\u00eene YouTube . Abonnez-vous! 8 Partages Lire aussi Auteur: LM [&hellip;]<\/p>\n","protected":false},"author":1789,"featured_media":61468,"comment_status":"closed","ping_status":"closed","sticky":false,"template":"","format":"standard","meta":{"fifu_image_url":"","fifu_image_alt":"","footnotes":""},"categories":[73,55],"tags":[],"class_list":["post-61467","post","type-post","status-publish","format-standard","has-post-thumbnail","hentry","category-actualite","category-tunisie"],"_links":{"self":[{"href":"https:\/\/linitiative.ca\/International\/wp-json\/wp\/v2\/posts\/61467","targetHints":{"allow":["GET"]}}],"collection":[{"href":"https:\/\/linitiative.ca\/International\/wp-json\/wp\/v2\/posts"}],"about":[{"href":"https:\/\/linitiative.ca\/International\/wp-json\/wp\/v2\/types\/post"}],"author":[{"embeddable":true,"href":"https:\/\/linitiative.ca\/International\/wp-json\/wp\/v2\/users\/1789"}],"replies":[{"embeddable":true,"href":"https:\/\/linitiative.ca\/International\/wp-json\/wp\/v2\/comments?post=61467"}],"version-history":[{"count":0,"href":"https:\/\/linitiative.ca\/International\/wp-json\/wp\/v2\/posts\/61467\/revisions"}],"wp:featuredmedia":[{"embeddable":true,"href":"https:\/\/linitiative.ca\/International\/wp-json\/"}],"wp:attachment":[{"href":"https:\/\/linitiative.ca\/International\/wp-json\/wp\/v2\/media?parent=61467"}],"wp:term":[{"taxonomy":"category","embeddable":true,"href":"https:\/\/linitiative.ca\/International\/wp-json\/wp\/v2\/categories?post=61467"},{"taxonomy":"post_tag","embeddable":true,"href":"https:\/\/linitiative.ca\/International\/wp-json\/wp\/v2\/tags?post=61467"}],"curies":[{"name":"wp","href":"https:\/\/api.w.org\/{rel}","templated":true}]}}