{"id":61469,"date":"2019-09-17T15:43:24","date_gmt":"2019-09-17T19:43:24","guid":{"rendered":"https:\/\/linitiative.ca\/International\/tunisie-que-va-faire-lisie-en-cas-de-victoire-de-nabil-karoui\/"},"modified":"2019-09-17T15:43:24","modified_gmt":"2019-09-17T19:43:24","slug":"tunisie-que-va-faire-lisie-en-cas-de-victoire-de-nabil-karoui","status":"publish","type":"post","link":"https:\/\/linitiative.ca\/International\/tunisie-que-va-faire-lisie-en-cas-de-victoire-de-nabil-karoui\/","title":{"rendered":"Tunisie \u2013 Que va faire l\u2019ISIE en cas de victoire de Nabil Karoui\u00a0?"},"content":{"rendered":"<div class=\"post-cont-in left relative\">\n<div class=\"swp_social_panel swp_horizontal_panel swp_flat_fresh swp_default_full_color swp_individual_full_color swp_other_full_color scale-100 scale-\" data-min-width=\"1100\" data-float-color=\"#ffffff\" data-float=\"none\" data-float-mobile=\"none\" data-transition=\"slide\">\n<div class=\"nc_tweetContainer swp_share_button total_shares total_sharesalt\"><span class=\"swp_count\">24 <span class=\"swp_label\">Partages<\/span><\/span><\/div>\n<\/div>\n<p>Le pr\u00e9sident de l\u2019ISIE a annonc\u00e9, ce mardi que l\u2019instance\u00a0allait se comporter avec le candidat Nabil Karoui comme avec tous les autres, abstraction du fait qu\u2019il soit en prison. Et s\u2019il venait \u00e0 remporter les \u00e9lections au second tour, l\u2019ISIE validera sa victoire et transmettra le dossier \u00e0 l\u2019ARP, devant laquelle le nouveau pr\u00e9sident est appel\u00e9 \u00e0 pr\u00eater serment. Ainsi, le probl\u00e8me opposera l\u2019ARP \u00e0 la justice et l\u2019ISIE n\u2019y aura rien \u00e0 voir.<\/p>\n<p><strong>Que se passe-t-il en Tunisie?<\/strong><br \/>Nous expliquons sur notre <a href=\"https:\/\/www.youtube.com\/channel\/UCRzypVq0B_yBad5eGrwBx0Q?sub_confirmation=1\" target=\"_blank\" rel=\"noopener noreferrer\">cha\u00eene YouTube<\/a> . <a href=\"https:\/\/www.youtube.com\/channel\/UCRzypVq0B_yBad5eGrwBx0Q?sub_confirmation=1\" target=\"_blank\" rel=\"noopener noreferrer\">Abonnez-vous!<\/a><\/p>\n<div class=\"mvp-org-wrap mvp-org-logo\" itemprop=\"publisher\" itemscope=\"\" itemtype=\"https:\/\/schema.org\/Organization\">\n<p><img decoding=\"async\" src=\"https:\/\/www.tunisienumerique.com\/wp-content\/uploads\/2017\/02\/logo_tunisie_numerique.png\"\/><\/p>\n<\/div>\n<div class=\"swp_social_panel swp_horizontal_panel swp_flat_fresh swp_default_full_color swp_individual_full_color swp_other_full_color scale-100 scale-\" data-min-width=\"1100\" data-float-color=\"#ffffff\" data-float=\"none\" data-float-mobile=\"none\" data-transition=\"slide\">\n<div class=\"nc_tweetContainer swp_share_button total_shares total_sharesalt\"><span class=\"swp_count\">24 <span class=\"swp_label\">Partages<\/span><\/span><\/div>\n<\/div>\n<div class=\"mvp-related-posts left relative\">\n<h4 class=\"post-header\"><span class=\"post-header\">Lire aussi<\/span><\/h4>\n<\/div>\n<\/div>\n<p>Auteur: LM<br \/>\n<a href=\"https:\/\/www.tunisienumerique.com\/tunisie-que-va-faire-lisie-en-cas-de-victoire-de-nabil-karoui\/\">Cliquez ici pour lire l&rsquo;article depuis sa source.<\/a><\/p>\n","protected":false},"excerpt":{"rendered":"<p>24 Partages Le pr\u00e9sident de l\u2019ISIE a annonc\u00e9, ce mardi que l\u2019instance\u00a0allait se comporter avec le candidat Nabil Karoui comme avec tous les autres, abstraction du fait qu\u2019il soit en prison. Et s\u2019il venait \u00e0 remporter les \u00e9lections au second tour, l\u2019ISIE validera sa victoire et transmettra le dossier \u00e0 l\u2019ARP, devant laquelle le nouveau [&hellip;]<\/p>\n","protected":false},"author":1789,"featured_media":61470,"comment_status":"closed","ping_status":"closed","sticky":false,"template":"","format":"standard","meta":{"fifu_image_url":"","fifu_image_alt":"","footnotes":""},"categories":[73,55],"tags":[],"class_list":["post-61469","post","type-post","status-publish","format-standard","has-post-thumbnail","hentry","category-actualite","category-tunisie"],"_links":{"self":[{"href":"https:\/\/linitiative.ca\/International\/wp-json\/wp\/v2\/posts\/61469","targetHints":{"allow":["GET"]}}],"collection":[{"href":"https:\/\/linitiative.ca\/International\/wp-json\/wp\/v2\/posts"}],"about":[{"href":"https:\/\/linitiative.ca\/International\/wp-json\/wp\/v2\/types\/post"}],"author":[{"embeddable":true,"href":"https:\/\/linitiative.ca\/International\/wp-json\/wp\/v2\/users\/1789"}],"replies":[{"embeddable":true,"href":"https:\/\/linitiative.ca\/International\/wp-json\/wp\/v2\/comments?post=61469"}],"version-history":[{"count":0,"href":"https:\/\/linitiative.ca\/International\/wp-json\/wp\/v2\/posts\/61469\/revisions"}],"wp:featuredmedia":[{"embeddable":true,"href":"https:\/\/linitiative.ca\/International\/wp-json\/"}],"wp:attachment":[{"href":"https:\/\/linitiative.ca\/International\/wp-json\/wp\/v2\/media?parent=61469"}],"wp:term":[{"taxonomy":"category","embeddable":true,"href":"https:\/\/linitiative.ca\/International\/wp-json\/wp\/v2\/categories?post=61469"},{"taxonomy":"post_tag","embeddable":true,"href":"https:\/\/linitiative.ca\/International\/wp-json\/wp\/v2\/tags?post=61469"}],"curies":[{"name":"wp","href":"https:\/\/api.w.org\/{rel}","templated":true}]}}