{"id":61477,"date":"2019-09-17T15:18:04","date_gmt":"2019-09-17T19:18:04","guid":{"rendered":"https:\/\/linitiative.ca\/International\/lassechement-des-lacs-menace-leconomie-du-malawi\/"},"modified":"2019-09-17T15:18:04","modified_gmt":"2019-09-17T19:18:04","slug":"lassechement-des-lacs-menace-leconomie-du-malawi","status":"publish","type":"post","link":"https:\/\/linitiative.ca\/International\/lassechement-des-lacs-menace-leconomie-du-malawi\/","title":{"rendered":"L\u2019ass\u00e8chement des lacs menace l\u2019\u00e9conomie du Malawi"},"content":{"rendered":"<div readability=\"32\">\n<p>Publi\u00e9 le 17.09.2019 \u00e0 20h18 par APA News<\/p>\n<\/div>\n<div readability=\"77\">\n<p>Les probl\u00e8mes de transport maritime caus\u00e9s par l\u2019ass\u00e8chement des ports lacustres dans un Malawi enclav\u00e9 ont longtemps alert\u00e9 les \u00e9conomistes et les environnementalistes, mais ont \u00e9chapp\u00e9 \u00e0 l\u2019attention des autorit\u00e9s pendant des ann\u00e9es.Aujourd\u2019hui, les autorit\u00e9s du Malawi se sont soudainement rendu compte que leurs pr\u00e9occupations ne se limitaient pas \u00e0 crier au loup.<\/p>\n<p>L\u2019ass\u00e8chement des ports lacustres du Malawi dans les r\u00e9gions du centre et du nord du pays menace l\u2019avenir du transport martine du pays, a d\u00e9clar\u00e9 mardi le ministre des Transports, Ralph Jooma.<\/p>\n<p>Selon le ministre, l\u2019ass\u00e8chement des ports de Chipoka et de Chilumba dans le district central de Salima et dans le district nord de Karonga intervient \u00e0 un moment o\u00f9 le gouvernement a l\u2019intention de d\u00e9placer sa d\u00e9pendance excessive vis-\u00e0-vis du transport routier vers le transport maritime et ferroviaire, comme pr\u00e9vu dans le Plan directeur national des transports du pays.<\/p>\n<p>M. Jooma a d\u00e9clar\u00e9 que son gouvernement s\u2019efforce de trouver des moyens de relancer les deux ports. Les deux ports sont d\u2019une importance cruciale pour le secteur des transports du pays car, ils sont strat\u00e9giquement positionn\u00e9s pour recevoir les cargaisons des navires empruntant le lac de 450 km de long partag\u00e9 avec la Tanzanie et le Mozambique.<\/p>\n<p>\u00ab Gr\u00e2ce au plan directeur, nous nous engagerons dans des projets importants qui feront revivre nos ports. En ce moment, nous mobilisons des ressources pour relancer les deux ports afin que nous puissions recommencer \u00e0 les utiliser \u00bb, a d\u00e9clar\u00e9 le ministre.<\/p>\n<p>Selon le rapport \u00e9conomique annuel 2019 du gouvernement du Malawi publi\u00e9 la semaine derni\u00e8re, le sous-secteur du transport maritime a continu\u00e9 \u00e0 enregistrer des r\u00e9sultats inf\u00e9rieurs aux attentes pendant de nombreuses ann\u00e9es malgr\u00e9 son potentiel de contribution \u00e0 la croissance \u00e9conomique.<\/p>\n<p>Le rapport indique que les d\u00e9fis qui contribuent \u00e0 la mauvaise performance du sous-secteur comprennent le changement climatique, le manque de personnel et de financement et l\u2019application inad\u00e9quate de la loi.<\/p>\n<p>Le Plan directeur national des transports de 9,5 milliards de dollars \u00e0 mettre en \u0153uvre entre 2017 et 2037 couvre tous les sous-secteurs des transports.<\/p>\n<\/div>\n<p>Auteur: APA News<br \/>\n<a href=\"https:\/\/www.journalducameroun.com\/lassechement-des-lacs-menace-leconomie-du-malawi\/\">Cliquez ici pour lire l&rsquo;article depuis sa source.<\/a><\/p>\n","protected":false},"excerpt":{"rendered":"<p>Publi\u00e9 le 17.09.2019 \u00e0 20h18 par APA News Les probl\u00e8mes de transport maritime caus\u00e9s par l\u2019ass\u00e8chement des ports lacustres dans un Malawi enclav\u00e9 ont longtemps alert\u00e9 les \u00e9conomistes et les environnementalistes, mais ont \u00e9chapp\u00e9 \u00e0 l\u2019attention des autorit\u00e9s pendant des ann\u00e9es.Aujourd\u2019hui, les autorit\u00e9s du Malawi se sont soudainement rendu compte que leurs pr\u00e9occupations ne se [&hellip;]<\/p>\n","protected":false},"author":1965,"featured_media":0,"comment_status":"closed","ping_status":"closed","sticky":false,"template":"","format":"standard","meta":{"fifu_image_url":"","fifu_image_alt":"","footnotes":""},"categories":[73,82],"tags":[],"class_list":["post-61477","post","type-post","status-publish","format-standard","hentry","category-actualite","category-cameroun"],"_links":{"self":[{"href":"https:\/\/linitiative.ca\/International\/wp-json\/wp\/v2\/posts\/61477","targetHints":{"allow":["GET"]}}],"collection":[{"href":"https:\/\/linitiative.ca\/International\/wp-json\/wp\/v2\/posts"}],"about":[{"href":"https:\/\/linitiative.ca\/International\/wp-json\/wp\/v2\/types\/post"}],"author":[{"embeddable":true,"href":"https:\/\/linitiative.ca\/International\/wp-json\/wp\/v2\/users\/1965"}],"replies":[{"embeddable":true,"href":"https:\/\/linitiative.ca\/International\/wp-json\/wp\/v2\/comments?post=61477"}],"version-history":[{"count":0,"href":"https:\/\/linitiative.ca\/International\/wp-json\/wp\/v2\/posts\/61477\/revisions"}],"wp:attachment":[{"href":"https:\/\/linitiative.ca\/International\/wp-json\/wp\/v2\/media?parent=61477"}],"wp:term":[{"taxonomy":"category","embeddable":true,"href":"https:\/\/linitiative.ca\/International\/wp-json\/wp\/v2\/categories?post=61477"},{"taxonomy":"post_tag","embeddable":true,"href":"https:\/\/linitiative.ca\/International\/wp-json\/wp\/v2\/tags?post=61477"}],"curies":[{"name":"wp","href":"https:\/\/api.w.org\/{rel}","templated":true}]}}