{"id":61478,"date":"2019-09-17T15:50:02","date_gmt":"2019-09-17T19:50:02","guid":{"rendered":"https:\/\/linitiative.ca\/International\/israel-netanyahu-et-gantz-au-coude-a-coude-sondages-a-la-sortie-des-urnes\/"},"modified":"2019-09-17T15:50:02","modified_gmt":"2019-09-17T19:50:02","slug":"israel-netanyahu-et-gantz-au-coude-a-coude-sondages-a-la-sortie-des-urnes","status":"publish","type":"post","link":"https:\/\/linitiative.ca\/International\/israel-netanyahu-et-gantz-au-coude-a-coude-sondages-a-la-sortie-des-urnes\/","title":{"rendered":"Isra\u00ebl: Netanyahu et Gantz au coude-\u00e0-coude (sondages \u00e0 la sortie des urnes)"},"content":{"rendered":"<div readability=\"32\">\n<p>Publi\u00e9 le 17.09.2019 \u00e0 20h50 par AFP<\/p>\n<\/div>\n<div readability=\"64\">\n<p>Les partis du Premier ministre isra\u00e9lien Benjamin Netanyahu et de son rival Benny Gantz \u00e9taient au coude-\u00e0-coude mardi soir \u00e0 l\u2019issue des l\u00e9gislatives isra\u00e9liennes, selon les premiers sondages \u00e0 la sortie des urnes diffus\u00e9s par les m\u00e9dias locaux.<\/p>\n<p>Le Likoud de M. Netanyahu (droite) r\u00e9coltait entre 31 et 33 si\u00e8ges sur les 120 du Parlement et le parti \u00ab\u00a0Bleu-blanc\u00a0\u00bb de M. Gantz (centre) entre 32 et 34, selon ces sondages qui ne voyaient aucun bloc majoritaire \u00e9merger au terme de ces \u00e9lections.<\/p>\n<p>Les Isra\u00e9liens ont vot\u00e9 mardi pour la seconde fois cette ann\u00e9e, apr\u00e8s un scrutin en avril au terme duquel Benjamin Netanyahu, qui d\u00e9tient le record de long\u00e9vit\u00e9 pour un chef de gouvernement isra\u00e9lien, avait \u00e9chou\u00e9 \u00e0 former une coalition.<\/p>\n<p>Si les sondages se confirment, il devrait faire face cette fois-ci aux m\u00eames difficult\u00e9s pour constituer un gouvernement.<\/p>\n<p>Israel Beitenou, le parti de l\u2019ex-ministre de la D\u00e9fense Avigdor Lieberman, qui avait fait \u00e9chouer les n\u00e9gociations en avril et qui pourrait \u00e0 nouveau faire figure de faiseur de roi, est cr\u00e9dit\u00e9 de huit \u00e0 dix si\u00e8ges selon les sondages.<\/p>\n<p>A 20H00 (17H00 GMT), le taux de participation \u00e9tait de 63,7 %, un score l\u00e9g\u00e8rement sup\u00e9rieur \u00e0 la m\u00eame heure aux l\u00e9gislatives d\u2019avril.<\/p>\n<\/div>\n<p>Auteur: AFP<br \/>\n<a href=\"https:\/\/www.journalducameroun.com\/israel-netanyahu-et-gantz-au-coude-a-coude-sondages-a-la-sortie-des-urnes\/\">Cliquez ici pour lire l&rsquo;article depuis sa source.<\/a><\/p>\n","protected":false},"excerpt":{"rendered":"<p>Publi\u00e9 le 17.09.2019 \u00e0 20h50 par AFP Les partis du Premier ministre isra\u00e9lien Benjamin Netanyahu et de son rival Benny Gantz \u00e9taient au coude-\u00e0-coude mardi soir \u00e0 l\u2019issue des l\u00e9gislatives isra\u00e9liennes, selon les premiers sondages \u00e0 la sortie des urnes diffus\u00e9s par les m\u00e9dias locaux. Le Likoud de M. Netanyahu (droite) r\u00e9coltait entre 31 et [&hellip;]<\/p>\n","protected":false},"author":1965,"featured_media":0,"comment_status":"closed","ping_status":"closed","sticky":false,"template":"","format":"standard","meta":{"fifu_image_url":"","fifu_image_alt":"","footnotes":""},"categories":[73,82],"tags":[],"class_list":["post-61478","post","type-post","status-publish","format-standard","hentry","category-actualite","category-cameroun"],"_links":{"self":[{"href":"https:\/\/linitiative.ca\/International\/wp-json\/wp\/v2\/posts\/61478","targetHints":{"allow":["GET"]}}],"collection":[{"href":"https:\/\/linitiative.ca\/International\/wp-json\/wp\/v2\/posts"}],"about":[{"href":"https:\/\/linitiative.ca\/International\/wp-json\/wp\/v2\/types\/post"}],"author":[{"embeddable":true,"href":"https:\/\/linitiative.ca\/International\/wp-json\/wp\/v2\/users\/1965"}],"replies":[{"embeddable":true,"href":"https:\/\/linitiative.ca\/International\/wp-json\/wp\/v2\/comments?post=61478"}],"version-history":[{"count":0,"href":"https:\/\/linitiative.ca\/International\/wp-json\/wp\/v2\/posts\/61478\/revisions"}],"wp:attachment":[{"href":"https:\/\/linitiative.ca\/International\/wp-json\/wp\/v2\/media?parent=61478"}],"wp:term":[{"taxonomy":"category","embeddable":true,"href":"https:\/\/linitiative.ca\/International\/wp-json\/wp\/v2\/categories?post=61478"},{"taxonomy":"post_tag","embeddable":true,"href":"https:\/\/linitiative.ca\/International\/wp-json\/wp\/v2\/tags?post=61478"}],"curies":[{"name":"wp","href":"https:\/\/api.w.org\/{rel}","templated":true}]}}