{"id":61481,"date":"2019-09-17T17:50:02","date_gmt":"2019-09-17T21:50:02","guid":{"rendered":"https:\/\/linitiative.ca\/International\/petrole-larabie-saoudite-se-veut-rassurante-apres-les-attaques-de-samedi\/"},"modified":"2019-09-17T17:50:02","modified_gmt":"2019-09-17T21:50:02","slug":"petrole-larabie-saoudite-se-veut-rassurante-apres-les-attaques-de-samedi","status":"publish","type":"post","link":"https:\/\/linitiative.ca\/International\/petrole-larabie-saoudite-se-veut-rassurante-apres-les-attaques-de-samedi\/","title":{"rendered":"P\u00e9trole: l\u2019Arabie saoudite se veut rassurante apr\u00e8s les attaques de samedi"},"content":{"rendered":"<div readability=\"32\">\n<p>Publi\u00e9 le 17.09.2019 \u00e0 22h50 par AFP<\/p>\n<\/div>\n<div readability=\"160\">\n<p>Le ministre saoudien de l\u2019Energie s\u2019est voulu rassurant mardi sur la capacit\u00e9 de son pays \u00e0 se remettre rapidement de l\u2019attaque qui a r\u00e9duit de moiti\u00e9 sa production p\u00e9troli\u00e8re, tout en \u00e9vitant de pointer un doigt accusateur vers l\u2019Iran.<\/p>\n<p>\u00ab\u00a0J\u2019ai de bonnes nouvelles pour vous (\u2026) l\u2019approvisionnement en p\u00e9trole des march\u00e9s internationaux est revenu \u00e0 son niveau datant d\u2019avant les attaques\u00a0\u00bb, a d\u00e9clar\u00e9 le prince Abdel Aziz ben Salmane lors d\u2019une conf\u00e9rence de presse \u00e0 Jeddah, la grande ville portuaire de l\u2019ouest saoudien.<\/p>\n<p>\u00ab\u00a0Au cours des deux derniers jours, nous avons r\u00e9cup\u00e9r\u00e9 la moiti\u00e9 de la production perdue\u00a0\u00bb, a-t-il ajout\u00e9, assurant que la production saoudienne sera enti\u00e8rement r\u00e9tablie fin septembre.<\/p>\n<p>Le pays atteindra \u00e0 cette date une capacit\u00e9 de production de 11 millions de barils par jour et de 12 millions de barils par jour fin novembre, a-t-il assur\u00e9.<\/p>\n<p>Le march\u00e9 p\u00e9trolier, tr\u00e8s attentif \u00e0 toute r\u00e9action saoudienne, a vite r\u00e9agi aux affirmations de Ryad.<\/p>\n<p>Apr\u00e8s avoir flamb\u00e9 lundi, le prix du brut new-yorkais s\u2019est ainsi nettement repli\u00e9 mardi soir \u00e0 la suite des propos du ministre.<\/p>\n<p>Le baril de WTI pour livraison en octobre, la r\u00e9f\u00e9rence am\u00e9ricaine du brut, a recul\u00e9 de 3,56 dollars, ou 5,7%, pour finir \u00e0 59,34 dollars, tandis que le baril de Brent pour livraison en novembre, cot\u00e9 \u00e0 Londres, a baiss\u00e9 de 4,47 dollars, ou 6,5%, \u00e0 64,55 dollars.<\/p>\n<p>Certains experts doutent toutefois que Ryad puisse restaurer aussi rapidement sa production.<\/p>\n<p>\u00ab\u00a0R\u00e9tablir une capacit\u00e9 de production durable \u00e0 11 millions de barils par jour d\u2019ici la fin du mois est un objectif ambitieux, compte tenu du nombre de r\u00e9parations n\u00e9cessaires\u00a0\u00bb, a d\u00e9clar\u00e9 \u00e0 l\u2019AFP Alex Schindelar, pr\u00e9sident du groupe Energy Intelligence.<\/p>\n<p>\u2013 Enqu\u00eate \u2013<\/p>\n<p>Samedi, les rebelles Houthis du Y\u00e9men ont revendiqu\u00e9 des attaques de drones visant l\u2019usine d\u2019Abqaiq, la plus grande au monde pour le traitement de p\u00e9trole, et le champ p\u00e9trolier de Khurais \u2013deux sites dans l\u2019est de l\u2019Arabie saoudite\u2013, provoquant la r\u00e9duction de la production saoudienne de 5,7 millions de barils par jour, soit 6% de la production mondiale.<\/p>\n<p>Si l\u2019administration am\u00e9ricaine a accus\u00e9 l\u2019Iran d\u2019\u00eatre responsable de ces attaques, le prince Abdel Aziz ben Salmane a affirm\u00e9 que Ryad \u00ab\u00a0ne sait pas qui est derri\u00e8re\u00a0\u00bb ces actions.<\/p>\n<p>Le royaume attend de r\u00e9unir des \u00ab\u00a0preuves suivant des normes internationales\u00a0\u00bb avant de se prononcer, selon le prince.<\/p>\n<p>Lundi, l\u2019Arabie saoudite avait affirm\u00e9 que \u00ab\u00a0les armes utilis\u00e9es dans l\u2019attaque \u00e9taient iraniennes\u00a0\u00bb, d\u2019apr\u00e8s les premiers \u00e9l\u00e9ments de sa propre enqu\u00eate. T\u00e9h\u00e9ran a ni\u00e9 avec v\u00e9h\u00e9mence toute implication.<\/p>\n<p>R\u00e9uni mardi sous la pr\u00e9sidence du roi Salmane, le Conseil des ministres saoudiens a condamn\u00e9 les attaques et assur\u00e9 que le royaume \u00ab\u00a0d\u00e9fendra son territoire et ses installations vitales\u00a0\u00bb contre ces actions destin\u00e9es \u00e0 \u00ab\u00a0perturber l\u2019approvisionnement mondial\u00a0\u00bb en p\u00e9trole.<\/p>\n<p>L\u2019Arabie \u00ab\u00a0est capable de riposter (aux attaques) d\u2019o\u00f9 qu\u2019elles viennent\u00a0\u00bb, a soulign\u00e9 le Conseil dans un communiqu\u00e9, appelant la communaut\u00e9 internationale \u00e0 des \u00ab\u00a0positions plus fermes pour arr\u00eater ces agressions\u00a0\u00bb.<\/p>\n<p>Les \u00e9v\u00e9nements ont aussi r\u00e9veill\u00e9 la crainte d\u2019une escalade militaire entre l\u2019Iran et les Etats-Unis. Le chef de la diplomatie am\u00e9ricaine Mike Pompeo doit s\u2019envoler mardi pour l\u2019Arabie saoudite afin d\u2019\u00e9voquer la \u00ab\u00a0r\u00e9ponse\u00a0\u00bb des Etats-Unis \u00e0 ces attaques, selon le vice-pr\u00e9sident am\u00e9ricain Mike Pence.<\/p>\n<p>\u2013 Aramco \u2013<\/p>\n<p>Avant les attaques de samedi, l\u2019Arabie saoudite pompait effectivement 9,9 millions de barils par jour, parmi lesquels 7 millions \u00e9taient export\u00e9s, principalement vers des pays asiatiques.<\/p>\n<p>Selon Amin Nasser, PDG du g\u00e9ant p\u00e9trolier saoudien Aramco, dix foyers d\u2019incendie sur les sites attaqu\u00e9s ont \u00e9t\u00e9 \u00e9teints en l\u2019espace de sept heures.<\/p>\n<p>\u00ab\u00a0En ce qui concerne le r\u00e9tablissement de la production, il n\u2019y a aucune entreprise au monde qui puisse faire cela en quelques jours\u00a0\u00bb, s\u2019est-il f\u00e9licit\u00e9 lors d\u2019une conf\u00e9rence de presse, qualifiant sa compagnie de \u00ab\u00a0formidable\u00a0\u00bb.<\/p>\n<p>L\u2019introduction en Bourse d\u2019Aramco \u00ab\u00a0se poursuivra comme pr\u00e9vu\u00a0\u00bb et aura lieu au cours des 12 mois \u00e0 venir, a assur\u00e9 le pr\u00e9sident de son conseil d\u2019administration, Yassir al-Roumayyan, pr\u00e9sent au m\u00eame point-presse.<\/p>\n<p>\u00ab\u00a0Nous n\u2019allons rien arr\u00eater\u00a0\u00bb, a-t-il affirm\u00e9.<\/p>\n<\/div>\n<p>Auteur: AFP<br \/>\n<a href=\"https:\/\/www.journalducameroun.com\/petrole-larabie-saoudite-se-veut-rassurante-apres-les-attaques-de-samedi\/\">Cliquez ici pour lire l&rsquo;article depuis sa source.<\/a><\/p>\n","protected":false},"excerpt":{"rendered":"<p>Publi\u00e9 le 17.09.2019 \u00e0 22h50 par AFP Le ministre saoudien de l\u2019Energie s\u2019est voulu rassurant mardi sur la capacit\u00e9 de son pays \u00e0 se remettre rapidement de l\u2019attaque qui a r\u00e9duit de moiti\u00e9 sa production p\u00e9troli\u00e8re, tout en \u00e9vitant de pointer un doigt accusateur vers l\u2019Iran. \u00ab\u00a0J\u2019ai de bonnes nouvelles pour vous (\u2026) l\u2019approvisionnement en [&hellip;]<\/p>\n","protected":false},"author":1965,"featured_media":0,"comment_status":"closed","ping_status":"closed","sticky":false,"template":"","format":"standard","meta":{"fifu_image_url":"","fifu_image_alt":"","footnotes":""},"categories":[73,82],"tags":[],"class_list":["post-61481","post","type-post","status-publish","format-standard","hentry","category-actualite","category-cameroun"],"_links":{"self":[{"href":"https:\/\/linitiative.ca\/International\/wp-json\/wp\/v2\/posts\/61481","targetHints":{"allow":["GET"]}}],"collection":[{"href":"https:\/\/linitiative.ca\/International\/wp-json\/wp\/v2\/posts"}],"about":[{"href":"https:\/\/linitiative.ca\/International\/wp-json\/wp\/v2\/types\/post"}],"author":[{"embeddable":true,"href":"https:\/\/linitiative.ca\/International\/wp-json\/wp\/v2\/users\/1965"}],"replies":[{"embeddable":true,"href":"https:\/\/linitiative.ca\/International\/wp-json\/wp\/v2\/comments?post=61481"}],"version-history":[{"count":0,"href":"https:\/\/linitiative.ca\/International\/wp-json\/wp\/v2\/posts\/61481\/revisions"}],"wp:attachment":[{"href":"https:\/\/linitiative.ca\/International\/wp-json\/wp\/v2\/media?parent=61481"}],"wp:term":[{"taxonomy":"category","embeddable":true,"href":"https:\/\/linitiative.ca\/International\/wp-json\/wp\/v2\/categories?post=61481"},{"taxonomy":"post_tag","embeddable":true,"href":"https:\/\/linitiative.ca\/International\/wp-json\/wp\/v2\/tags?post=61481"}],"curies":[{"name":"wp","href":"https:\/\/api.w.org\/{rel}","templated":true}]}}