{"id":61483,"date":"2019-09-17T05:13:29","date_gmt":"2019-09-17T09:13:29","guid":{"rendered":"https:\/\/linitiative.ca\/International\/greve-les-avocats-suspendent-le-port-de-la-robe\/"},"modified":"2019-09-17T05:13:29","modified_gmt":"2019-09-17T09:13:29","slug":"greve-les-avocats-suspendent-le-port-de-la-robe","status":"publish","type":"post","link":"https:\/\/linitiative.ca\/International\/greve-les-avocats-suspendent-le-port-de-la-robe\/","title":{"rendered":"Gr\u00e8ve : les avocats suspendent le port de la robe"},"content":{"rendered":"<p>Les avocats au barreau du Cameroun observent depuis ce lundi 16 septembre 2019 une cessation d\u2019activit\u00e9 dans les Tribunaux. Elle se poursuivra jusqu\u2019au 20 septembre prochain si leurs revendications ne sont pas prises en compte. C\u2019est du moins ce que confirme par voie t\u00e9l\u00e9phonique un avocat sous anonymat. D\u2019apr\u00e8s ses informations, aucun avocat n\u2019est autoris\u00e9 \u00e0 plaider devant une juridiction. Mais peuvent travailler dans leurs cabinets respectifs.<\/p>\n<p>Me <strong>Charles Tchakoute<\/strong> <strong>Patie<\/strong> B\u00e2tonnier de l\u2019ordre des avocats du Cameroun pr\u00e9cise dans un communiqu\u00e9 que \u00ab\u00a0<em>la r\u00e9solution du 31 ao\u00fbt 2019 conserves ses pleins et entiers effets<\/em>\u00a0\u00bb. Car \u00ab<em>\u00a0la session extraordinaire du Conseil de l\u2019Ordre convoqu\u00e9e pour ce jour de dimanche 15 septembre 2019 n\u2019a pas pu, faute de quorum, donner lieu \u00e0 une d\u00e9lib\u00e9ration en respect de l\u2019article 11 alin\u00e9a de notre r\u00e8glement int\u00e9rieur\u00a0<\/em>\u00bb.\u00a0 Selon notre source, \u00ab\u00a0<em>la session devait se constituer de 15 membres, mais les 2\/3 \u00e9taient absents<\/em>\u00a0\u00bb, d\u2019o\u00f9 le maintien de la mesure.<\/p>\n<p>N\u00e9anmoins, le groupe de travail Barreau, Minjustice, police judiciaire a \u00e9t\u00e9 install\u00e9 vendredi 13 septembre 2019. L\u2019objectif \u00e9tant de construire un barreau fort et r\u00e9publicain pour une justice plus forte. \u00ab\u00a0<em>Un barreau d\u00e9barrass\u00e9 du p\u00e9ch\u00e9 originel de son enfantement des premiers p\u00e8res fondateurs qui l\u2019on conduit sous les pentes hasardeuses de l\u2019opposition politique cong\u00e9nitale<\/em>\u00a0\u00bb dira <strong>Jean de Dieu Momo<\/strong>, ministre d\u00e9l\u00e9gu\u00e9 aupr\u00e8s du Minjustice.<\/p>\n<p>En attendant les premi\u00e8res r\u00e9solutions de ce groupe tripartite, du 16 au 20 septembre 2019, ces avocats continueront d\u00e9noncer les entraves \u00e0 l\u2019exercice de leur profession et aussi, condamner les atteintes physiques contre eux. La gr\u00e8ve consistera \u00e0 suspendre le \u00ab <em>port de la robe et la non fr\u00e9quentation des cours et tribunaux sur toute l\u2019\u00e9tendue du territoire<\/em> \u00bb<\/p>\n<p>Plusieurs manquements de l\u2019appareil judiciaire du Cameroun sont \u00e9voqu\u00e9s dans ce communiqu\u00e9 \u00e0 l\u2019instar des auditions des d\u00e9bats dans les langues autres que celles des personnes poursuivies, la comparution nue des d\u00e9tenus en audiences publiques, le maintien abusif en d\u00e9tention de certaines personnes malgr\u00e9 les d\u00e9cisions de mise en libert\u00e9 etc. Il y a \u00e9galement la r\u00e9currence des violences physiques sur les avocats par les \u00e9l\u00e9ments de la police et de l\u2019arm\u00e9e, le refus de leur faire acc\u00e9der dans les lieux de d\u00e9tention de leurs clients. A l\u2019expiration de cette p\u00e9riode, d\u2019autres mesures pourraient \u00eatre prises s\u2019il y a lieu, avertissent-ils dans leur communiqu\u00e9 sign\u00e9 par le b\u00e2tonnier <strong>Charles<\/strong> <strong>Tchakoute Patie<\/strong> et 12 avocats membres du conseil de l\u2019ordre.<\/p>\n<div class=\"about-author about-author-box container-wrapper\">\n<div class=\"author-avatar\">\n<p><img decoding=\"async\" src=\"http:\/\/\" alt=\"\"\/><\/p>\n<\/div>\n<p><h4>La R\u00e9daction EcoMatin<\/h4>\n<\/p>\n<\/div>\n<div class=\"awac-wrapper awac widget blog_subscription-2\">\n<h4 class=\"widget-title\">Abonnez-vous \u00e0 notre lettre d&rsquo;information<\/h4>\n<\/div>\n<p>Auteur: EcoMatin<br \/>\n<a href=\"https:\/\/ecomatin.net\/greve-les-avocats-suspendent-le-port-de-la-robe\/\">Cliquez ici pour lire l&rsquo;article depuis sa source.<\/a><\/p>\n","protected":false},"excerpt":{"rendered":"<p>Les avocats au barreau du Cameroun observent depuis ce lundi 16 septembre 2019 une cessation d\u2019activit\u00e9 dans les Tribunaux. Elle se poursuivra jusqu\u2019au 20 septembre prochain si leurs revendications ne sont pas prises en compte. C\u2019est du moins ce que confirme par voie t\u00e9l\u00e9phonique un avocat sous anonymat. D\u2019apr\u00e8s ses informations, aucun avocat n\u2019est autoris\u00e9 [&hellip;]<\/p>\n","protected":false},"author":1969,"featured_media":0,"comment_status":"closed","ping_status":"closed","sticky":false,"template":"","format":"standard","meta":{"fifu_image_url":"","fifu_image_alt":"","footnotes":""},"categories":[82,78],"tags":[],"class_list":["post-61483","post","type-post","status-publish","format-standard","hentry","category-cameroun","category-economie"],"_links":{"self":[{"href":"https:\/\/linitiative.ca\/International\/wp-json\/wp\/v2\/posts\/61483","targetHints":{"allow":["GET"]}}],"collection":[{"href":"https:\/\/linitiative.ca\/International\/wp-json\/wp\/v2\/posts"}],"about":[{"href":"https:\/\/linitiative.ca\/International\/wp-json\/wp\/v2\/types\/post"}],"author":[{"embeddable":true,"href":"https:\/\/linitiative.ca\/International\/wp-json\/wp\/v2\/users\/1969"}],"replies":[{"embeddable":true,"href":"https:\/\/linitiative.ca\/International\/wp-json\/wp\/v2\/comments?post=61483"}],"version-history":[{"count":0,"href":"https:\/\/linitiative.ca\/International\/wp-json\/wp\/v2\/posts\/61483\/revisions"}],"wp:attachment":[{"href":"https:\/\/linitiative.ca\/International\/wp-json\/wp\/v2\/media?parent=61483"}],"wp:term":[{"taxonomy":"category","embeddable":true,"href":"https:\/\/linitiative.ca\/International\/wp-json\/wp\/v2\/categories?post=61483"},{"taxonomy":"post_tag","embeddable":true,"href":"https:\/\/linitiative.ca\/International\/wp-json\/wp\/v2\/tags?post=61483"}],"curies":[{"name":"wp","href":"https:\/\/api.w.org\/{rel}","templated":true}]}}