{"id":61484,"date":"2019-09-17T07:19:54","date_gmt":"2019-09-17T11:19:54","guid":{"rendered":"https:\/\/linitiative.ca\/International\/lac-municipal-de-yaounde-quand-letat-sous-traite-au-compte-goutte-lamenagement\/"},"modified":"2019-09-17T07:19:54","modified_gmt":"2019-09-17T11:19:54","slug":"lac-municipal-de-yaounde-quand-letat-sous-traite-au-compte-goutte-lamenagement","status":"publish","type":"post","link":"https:\/\/linitiative.ca\/International\/lac-municipal-de-yaounde-quand-letat-sous-traite-au-compte-goutte-lamenagement\/","title":{"rendered":"Lac municipal de Yaound\u00e9 : quand l\u2019Etat sous-traite au compte-goutte l\u2019am\u00e9nagement"},"content":{"rendered":"<p>Contre toute attente, le <strong>ministre des Domaines, du Cadastre et des Affaires fonci\u00e8res<\/strong> (Mindcaf), <strong>Henri Eyebe Ayissi<\/strong>, a annonc\u00e9 avoir sign\u00e9, le 10 septembre dernier, un contrat de bail emphyt\u00e9otique avec le belge <strong>IIDG\/H\u00f4tel Group<\/strong>, pour la construction d\u2019un deuxi\u00e8me h\u00f4tel <strong>5 \u00e9toiles<\/strong> au Cameroun apr\u00e8s celui de Douala, de la cha\u00eene <strong>Radisson Blu<\/strong> sur les bords du lac municipal de Yaound\u00e9. La date de d\u00e9marrage des travaux reste impr\u00e9cise, mais l\u2019investisseur belge se donne <strong>24 mois<\/strong> pour livrer l\u2019infrastructure \u00e0 partir du premier coup de pioche sur le chantier. Co\u00fbt de l\u2019investissement : <strong>76 milliards Fcfa<\/strong>. A travers ce contrat, le gouvernement semble d\u00e9finitivement avoir opt\u00e9 pour la sous-traitance de l\u2019am\u00e9nagement au compte-goutte de ce plan d\u2019eau autour duquel il affichait pourtant plus d\u2019ambitions depuis une vingtaine d\u2019ann\u00e9es.<\/p>\n<hr\/>\n<h4><strong>>> Lire aussi \u2013 <a title=\"Yaound\u00e9 : O\u00f9 est pass\u00e9 le projet d\u2019am\u00e9nagement du lac municipal ?\" href=\"https:\/\/ecomatin.net\/yaounde-ou-est-passe-le-projet-damenagement-du-lac-municipal\/\" target=\"_blank\" rel=\"noopener noreferrer\">Yaound\u00e9 : O\u00f9 est pass\u00e9 le projet d\u2019am\u00e9nagement du lac municipal ?<\/a><br \/><\/strong><\/h4>\n<hr\/>\n<p>En effet, si la fiche technique du complexe h\u00f4telier \u00e0 construire renseigne que celui-ci comportera des restaurants de classe internationale, un centre de remise en forme, de boutiques et des espaces de d\u00e9tente et de loisirs, cet investissement appara\u00eet au rabais, comparativement au projet de valorisation touristique et \u00e9conomique de ce lac municipal, pour lequel, quatre conventions de financement respectives ont d\u00e9j\u00e0 \u00e9t\u00e9 paraph\u00e9es avec des banques d\u2019investissement \u00e9trang\u00e8res. Pour la premi\u00e8re phase des travaux, le gouvernement avait m\u00eame d\u00e9j\u00e0 retenu une entreprise espagnole, <strong>Acciona<\/strong> en l\u2019occurrence, pour proc\u00e9der \u00e0 la d\u00e9pollution et \u00e0 l\u2019assainissement des eaux du lac afin d\u2019y installer des \u00e9quipements de sport nautique. Il faut relever que, la premi\u00e8re vocation de ce plan d\u2019eau, am\u00e9nag\u00e9 pour la premi\u00e8re fois par l\u2019homme d\u2019affaires grec, <strong>Georges Kyriakides<\/strong> dans les ann\u00e9es 1960, \u00e9tait d\u2019accueillir des comp\u00e9titions de natation.<\/p>\n<p>Ce projet englobait \u00e9galement l\u2019am\u00e9nagement de l\u2019ensemble de la vall\u00e9e de la Mingoa, situ\u00e9e en contre-bas du lac, sur une superficie de pr\u00e8s de <strong>250 ha<\/strong> comprenant le p\u00e9rim\u00e8tre d\u00e9limit\u00e9 par le boulevard de la R\u00e9unification jusqu\u2019au carrefour de la Voirie municipale, o\u00f9 la rivi\u00e8re Mingoa vient se jeter dans le Mfoundi, la Place Charles Atangana, les abords du Mus\u00e9e national, le Boulevard Manga Bell, etc.<\/p>\n<hr\/>\n<h4><strong>>> Lire aussi \u2013 <a title=\"Le groupe Radisson Blu veut relancer le projet de construction d\u2019un h\u00f4tel 5 \u00e9toiles au Lac municipal\" href=\"https:\/\/ecomatin.net\/yaounde-le-groupe-radisson-blu-veut-relancer-le-projet-de-construction-dun-hotel-5-etoiles-au-lac-municipal\/\" target=\"_blank\" rel=\"noopener noreferrer\">Le groupe Radisson Blu veut relancer le projet de construction d\u2019un h\u00f4tel 5 \u00e9toiles au Lac municipal<\/a><br \/><\/strong><\/h4>\n<hr\/>\n<p>Au demeurant, le projet d\u2019am\u00e9nagement du lac municipal de Yaound\u00e9 \u00e9tait pour le gouvernement un projet gigantesque dont l\u2019h\u00f4tel <strong>5 \u00e9toiles<\/strong> et ses annexes que va finalement construire Radisson Blu, ne constituaient qu\u2019une des phases.<\/p>\n<div class=\"about-author about-author-box container-wrapper\">\n<div class=\"author-avatar\">\n<p><img decoding=\"async\" src=\"http:\/\/\" alt=\"\"\/><\/p>\n<\/div>\n<p><h4>La R\u00e9daction EcoMatin<\/h4>\n<\/p>\n<\/div>\n<div class=\"awac-wrapper awac widget blog_subscription-2\">\n<h4 class=\"widget-title\">Abonnez-vous \u00e0 notre lettre d&rsquo;information<\/h4>\n<\/div>\n<p>Auteur: EcoMatin<br \/>\n<a href=\"https:\/\/ecomatin.net\/lac-municipal-de-yaounde-quand-letat-sous-traite-au-compte-goutte-lamenagement\/\">Cliquez ici pour lire l&rsquo;article depuis sa source.<\/a><\/p>\n","protected":false},"excerpt":{"rendered":"<p>Contre toute attente, le ministre des Domaines, du Cadastre et des Affaires fonci\u00e8res (Mindcaf), Henri Eyebe Ayissi, a annonc\u00e9 avoir sign\u00e9, le 10 septembre dernier, un contrat de bail emphyt\u00e9otique avec le belge IIDG\/H\u00f4tel Group, pour la construction d\u2019un deuxi\u00e8me h\u00f4tel 5 \u00e9toiles au Cameroun apr\u00e8s celui de Douala, de la cha\u00eene Radisson Blu sur [&hellip;]<\/p>\n","protected":false},"author":1969,"featured_media":0,"comment_status":"closed","ping_status":"closed","sticky":false,"template":"","format":"standard","meta":{"fifu_image_url":"","fifu_image_alt":"","footnotes":""},"categories":[82,78],"tags":[],"class_list":["post-61484","post","type-post","status-publish","format-standard","hentry","category-cameroun","category-economie"],"_links":{"self":[{"href":"https:\/\/linitiative.ca\/International\/wp-json\/wp\/v2\/posts\/61484","targetHints":{"allow":["GET"]}}],"collection":[{"href":"https:\/\/linitiative.ca\/International\/wp-json\/wp\/v2\/posts"}],"about":[{"href":"https:\/\/linitiative.ca\/International\/wp-json\/wp\/v2\/types\/post"}],"author":[{"embeddable":true,"href":"https:\/\/linitiative.ca\/International\/wp-json\/wp\/v2\/users\/1969"}],"replies":[{"embeddable":true,"href":"https:\/\/linitiative.ca\/International\/wp-json\/wp\/v2\/comments?post=61484"}],"version-history":[{"count":0,"href":"https:\/\/linitiative.ca\/International\/wp-json\/wp\/v2\/posts\/61484\/revisions"}],"wp:attachment":[{"href":"https:\/\/linitiative.ca\/International\/wp-json\/wp\/v2\/media?parent=61484"}],"wp:term":[{"taxonomy":"category","embeddable":true,"href":"https:\/\/linitiative.ca\/International\/wp-json\/wp\/v2\/categories?post=61484"},{"taxonomy":"post_tag","embeddable":true,"href":"https:\/\/linitiative.ca\/International\/wp-json\/wp\/v2\/tags?post=61484"}],"curies":[{"name":"wp","href":"https:\/\/api.w.org\/{rel}","templated":true}]}}