{"id":61485,"date":"2019-09-17T09:44:15","date_gmt":"2019-09-17T13:44:15","guid":{"rendered":"https:\/\/linitiative.ca\/International\/lafrique-centrale-va-emprunter-2400-milliards-f-a-la-bad\/"},"modified":"2019-09-17T09:44:15","modified_gmt":"2019-09-17T13:44:15","slug":"lafrique-centrale-va-emprunter-2400-milliards-f-a-la-bad","status":"publish","type":"post","link":"https:\/\/linitiative.ca\/International\/lafrique-centrale-va-emprunter-2400-milliards-f-a-la-bad\/","title":{"rendered":"L\u2019Afrique centrale va emprunter 2400 milliards F \u00e0 la BAD"},"content":{"rendered":"<div class=\"featured-area featured-area-inner\"><img loading=\"lazy\" decoding=\"async\" width=\"780\" height=\"405\" src=\"https:\/\/i0.wp.com\/ecomatin.net\/wp-content\/uploads\/2019\/09\/ecomatin.net-investissement-lafrique-centrale-va-emprunter-2400-milliards-f-a-la-bad-img-20190917-wa0036.jpg?resize=780%2C405&#038;ssl=1&#038;is-pending-load=1\" class=\"attachment-jannah-image-post size-jannah-image-post wp-post-image jetpack-lazy-image\" alt=\"\" data-attachment-id=\"11485\" data-permalink=\"https:\/\/ecomatin.net\/investissement-lafrique-centrale-va-emprunter-2400-milliards-f-a-la-bad\/img-20190917-wa0036\/\" data-orig-file=\"https:\/\/i0.wp.com\/ecomatin.net\/wp-content\/uploads\/2019\/09\/ecomatin.net-investissement-lafrique-centrale-va-emprunter-2400-milliards-f-a-la-bad-img-20190917-wa0036.jpg?fit=1080%2C718&#038;ssl=1\" data-orig-size=\"1080,718\" data-comments-opened=\"0\" data-image-meta=\"{\"aperture\":\"0\",\"credit\":\"\",\"camera\":\"\",\"caption\":\"\",\"created_timestamp\":\"0\",\"copyright\":\"\",\"focal_length\":\"0\",\"iso\":\"0\",\"shutter_speed\":\"0\",\"title\":\"\",\"orientation\":\"0\"}\" data-image-title=\"IMG-20190917-WA0036\" data-image-description=\"\" data-medium-file=\"https:\/\/i0.wp.com\/ecomatin.net\/wp-content\/uploads\/2019\/09\/ecomatin.net-investissement-lafrique-centrale-va-emprunter-2400-milliards-f-a-la-bad-img-20190917-wa0036.jpg?fit=300%2C199&#038;ssl=1\" data-large-file=\"https:\/\/i0.wp.com\/ecomatin.net\/wp-content\/uploads\/2019\/09\/ecomatin.net-investissement-lafrique-centrale-va-emprunter-2400-milliards-f-a-la-bad-img-20190917-wa0036.jpg?fit=1024%2C681&#038;ssl=1\" srcset=\"data:image\/gif;base64,R0lGODlhAQABAIAAAAAAAP\/\/\/yH5BAEAAAAALAAAAAABAAEAAAIBRAA7\"\/><\/div>\n<div class=\"entry-content entry clearfix\" readability=\"66\">\n<p>Renforcer les \u00e9changes. La <strong>Banque africaine de d\u00e9veloppement<\/strong> (<strong>BAD<\/strong>) a pr\u00e9sent\u00e9 lundi 16 septembre \u00e0 Yaound\u00e9 au cours d\u2019un atelier sous-r\u00e9gion le Document de strat\u00e9gie d\u2019int\u00e9gration r\u00e9gionale de l\u2019Afrique centrale (<strong>DSIR-AC<\/strong>) sur la p\u00e9riode 2019-2025. Co-pr\u00e9sid\u00e9 par le ministre en charge de l\u2019Economie (<strong>Minepat<\/strong>) Alamine Ousmane Mey, il a \u00e9t\u00e9 question de diffuser le DSIR-AC aupr\u00e8s du secteur priv\u00e9, des autorit\u00e9s de la CEMAC, de la\u00a0<strong>CEEAC<\/strong>, entre autres.\u00a0<em>\u00ab\u00a0Nous venons de pr\u00e9senter une strat\u00e9gie qui repose essentiellement sur l\u2019ambition de la Banque de voir l\u2019\u00e9conomie de ces Etats plus diversifi\u00e9e et assurer leur transformation structurelle.\u00a0Nous pensons que cette strat\u00e9gie, qui repose sur deux piliers, nous a permis de pr\u00e9parer un programme pour 30 projets financ\u00e9s \u00e0 hauteur de 4,4 milliards de dollar (2400 milliards FCFA). Ces projets sont d\u00e9j\u00e0 approuv\u00e9s. Il est donc important d\u2019\u0153uvrer \u00e0 ce que les pays puissent commencer entre eux et donner une dynamique au secteur priv\u00e9 qui cr\u00e9e des emplois\u00a0\u00bb,\u00a0<\/em>a confi\u00e9\u00a0<strong>Dr Ousmane Dore<\/strong>, DG du bureau Afrique centrale de la BAD.<\/p>\n<p>Environ\u00a0<strong>88%\u00a0<\/strong>des fonds pr\u00e9vus devraient \u00eatre consacr\u00e9s au renforcement des infrastructures r\u00e9gionales. Les \u00e9l\u00e9ments du plan relatifs au d\u00e9veloppement des infrastructures et des capacit\u00e9s institutionnelles contribueront \u00e9galement au renforcement de la r\u00e9silience des pays de la r\u00e9gion. Des op\u00e9rations sp\u00e9cifiques renforceront \u00e9galement la r\u00e9silience \u00e0 l\u2019ins\u00e9curit\u00e9 alimentaire, permettront la r\u00e9int\u00e9gration socio-\u00e9conomique des groupes vuln\u00e9rables et pr\u00e9serveront les \u00e9cosyst\u00e8mes du bassin du Congo.<\/p>\n<p>Le DSIR, a-t-on appris, permettra d\u2019op\u00e9rationnaliser et d\u2019acc\u00e9l\u00e9rer l\u2019agenda d\u2019int\u00e9gration r\u00e9gionale en AC, en particulier celui de la mise en \u0153uvre effective de la <strong>Zone de libre-\u00e9change continentale africaine<\/strong> (ZLECA). Il s\u2019agira de traiter ses d\u00e9fis sp\u00e9cifiques, notamment le d\u00e9ficit infrastructurel dans le domaine de l\u2019\u00e9nergie et des transports et l\u2019am\u00e9lioration du niveau des \u00e9changes intracommunautaires, tout en prenant en compte le contexte de la fragilit\u00e9 et l\u2019abondance des ressources naturelles.<\/p>\n<p>A terme, la BAD souhaite que gr\u00e2ce \u00e0 ces fonds les \u00e9changes intracommunautaires entre les pays d\u2019AC atteignent environ <strong>7%<\/strong> dans les prochaines ann\u00e9es. D\u2019autant plus que leur \u00e9change s\u2019est effondr\u00e9\u00a0\u00a0<strong>\u00a0<\/strong>passant de\u00a0<strong>12%<\/strong>\u00a0en 1995 \u00e0\u00a0<strong>7%<\/strong>\u00a0en 2000 et sensiblement \u00e0 moins de <strong>2%<\/strong> aujourd\u2019hui. Cette diminution s\u2019observe en d\u00e9pit des d\u00e9cisions et des textes politiques \u00e9tablis pour assurer l\u2019accroissement des \u00e9changes dans la Cemac afin d\u2019assurer le d\u00e9veloppement \u00e9conomique et social.<\/p>\n<div class=\"about-author about-author-box container-wrapper\">\n<div class=\"author-avatar\">\n<p><img decoding=\"async\" src=\"http:\/\/\" alt=\"\"\/><\/p>\n<\/div>\n<p><h4>La R\u00e9daction EcoMatin<\/h4>\n<\/p>\n<\/div>\n<div class=\"awac-wrapper awac widget blog_subscription-2\">\n<h4 class=\"widget-title\">Abonnez-vous \u00e0 notre lettre d&rsquo;information<\/h4>\n<\/div>\n<\/div>\n<div class=\"toggle-post-content clearfix\"><a id=\"toggle-post-button\" class=\"button\" href=\"#\">Afficher plus <\/a><\/div>\n<p>Auteur: EcoMatin<br \/>\n<a href=\"https:\/\/ecomatin.net\/investissement-lafrique-centrale-va-emprunter-2400-milliards-f-a-la-bad\/\">Cliquez ici pour lire l&rsquo;article depuis sa source.<\/a><\/p>\n","protected":false},"excerpt":{"rendered":"<p>Renforcer les \u00e9changes. La Banque africaine de d\u00e9veloppement (BAD) a pr\u00e9sent\u00e9 lundi 16 septembre \u00e0 Yaound\u00e9 au cours d\u2019un atelier sous-r\u00e9gion le Document de strat\u00e9gie d\u2019int\u00e9gration r\u00e9gionale de l\u2019Afrique centrale (DSIR-AC) sur la p\u00e9riode 2019-2025. Co-pr\u00e9sid\u00e9 par le ministre en charge de l\u2019Economie (Minepat) Alamine Ousmane Mey, il a \u00e9t\u00e9 question de diffuser le DSIR-AC [&hellip;]<\/p>\n","protected":false},"author":1969,"featured_media":0,"comment_status":"closed","ping_status":"closed","sticky":false,"template":"","format":"standard","meta":{"fifu_image_url":"","fifu_image_alt":"","footnotes":""},"categories":[82,78],"tags":[],"class_list":["post-61485","post","type-post","status-publish","format-standard","hentry","category-cameroun","category-economie"],"_links":{"self":[{"href":"https:\/\/linitiative.ca\/International\/wp-json\/wp\/v2\/posts\/61485","targetHints":{"allow":["GET"]}}],"collection":[{"href":"https:\/\/linitiative.ca\/International\/wp-json\/wp\/v2\/posts"}],"about":[{"href":"https:\/\/linitiative.ca\/International\/wp-json\/wp\/v2\/types\/post"}],"author":[{"embeddable":true,"href":"https:\/\/linitiative.ca\/International\/wp-json\/wp\/v2\/users\/1969"}],"replies":[{"embeddable":true,"href":"https:\/\/linitiative.ca\/International\/wp-json\/wp\/v2\/comments?post=61485"}],"version-history":[{"count":0,"href":"https:\/\/linitiative.ca\/International\/wp-json\/wp\/v2\/posts\/61485\/revisions"}],"wp:attachment":[{"href":"https:\/\/linitiative.ca\/International\/wp-json\/wp\/v2\/media?parent=61485"}],"wp:term":[{"taxonomy":"category","embeddable":true,"href":"https:\/\/linitiative.ca\/International\/wp-json\/wp\/v2\/categories?post=61485"},{"taxonomy":"post_tag","embeddable":true,"href":"https:\/\/linitiative.ca\/International\/wp-json\/wp\/v2\/tags?post=61485"}],"curies":[{"name":"wp","href":"https:\/\/api.w.org\/{rel}","templated":true}]}}