{"id":61519,"date":"2019-09-18T15:14:05","date_gmt":"2019-09-18T19:14:05","guid":{"rendered":"https:\/\/linitiative.ca\/International\/ligue-1-2-jsk-velud-cest-curieux-dapprendre-que-le-trio-arbitral-du-match-retour-contre-le-horoya-conakry-ait-ete-change\/"},"modified":"2019-09-18T15:14:05","modified_gmt":"2019-09-18T19:14:05","slug":"ligue-1-2-jsk-velud-cest-curieux-dapprendre-que-le-trio-arbitral-du-match-retour-contre-le-horoya-conakry-ait-ete-change","status":"publish","type":"post","link":"https:\/\/linitiative.ca\/International\/ligue-1-2-jsk-velud-cest-curieux-dapprendre-que-le-trio-arbitral-du-match-retour-contre-le-horoya-conakry-ait-ete-change\/","title":{"rendered":"Ligue 1 &amp; 2 : JSK : Velud : \u00abC\u2019est curieux d\u2019apprendre que le trio arbitral du match retour contre le Horoya Conakry ait \u00e9t\u00e9 chang\u00e9\u00bb"},"content":{"rendered":"<div readability=\"32\">\n<p>Auteur : <span>Lyes A.<\/span> <span class=\"time\">mercredi 18 septembre 2019 13:37<\/span><\/p>\n<\/div>\n<div id=\"post_core\" readability=\"116\">\n<p>C\u2019est dans une tr\u00e8s bonne ambiance que les Kabyles poursuivent leur pr\u00e9paration dans leur fief du 1er-Novembre de Tizi Ouzou. Tous aur\u00e9ol\u00e9s de leur r\u00e9cent succ\u00e8s acquis avec l\u2019art et la mani\u00e8re contre la formation du Horoya Conakry, les hommes d\u2019Hubert Velud ont effectu\u00e9 hier leur seconde s\u00e9ance d\u2019entra\u00eenement de la semaine. Avant l\u2019entame de cet exercice, le technicien fran\u00e7ais a bien accept\u00e9 de r\u00e9pondre \u00e0 nos questions et d\u2019\u00e9voquer l\u2019actualit\u00e9 de son team.<\/p>\n<p><strong>\u00abRien n\u2019est encore fait, la qualification se jouera \u00e0 Conakry\u00bb<\/strong><br \/>Evoquant la pr\u00e9paration de son groupe apr\u00e8s cette victoire acquise face au Horoya Conakry, Hubert Velud dira : \u00abNotre pr\u00e9paration se d\u00e9roule dans une tr\u00e8s bonne ambiance. Comme vous avez pu le constater, nous sommes sur une bonne dynamiques de r\u00e9sultats, m\u00eame si nous sommes conscients que rien n\u2019est encore fait, car la qualification se jouera l\u00e0-bas (Ndlr : \u00e0 Conakry lors du match retour). On conna\u00eet les difficult\u00e9s qui nous attendent en Guinn\u00e9e, mais on a les arguments aussi pour pouvoir se qualifier \u00e0 Conakry, notamment avec l\u2019id\u00e9e d\u2019aller marquer un but.\u00bb<\/p>\n<p><strong>\u00abOn ira \u00e0 Conakry avec l\u2019id\u00e9e de marquer un but\u00bb<\/strong><br \/>Le premier responsable de la barre technique a ajout\u00e9 concernant la pr\u00e9paration de ses joueurs en pr\u00e9vision de la rencontre de ce mardi face au CR Belouizdad : \u00abOui, tout va bien au sein de notre groupe. Nous avons repris le boulot hier (Ndlr : avant-hier). Aujourd\u2019hui (Ndlr, hier) nous allons bien travailler et demain (Ndlr, aujourd\u2019hui) encore beaucoup. D\u00e8s vendredi, on travaillera en fonction de notre prochain match de championnat contre le CRB.\u00bb<\/p>\n<p><strong>\u00abD\u00e9sormais, il faudra se concentrer sur le match du CRB\u00bb<\/strong><br \/>Toujours \u00e0 propos de la rencontre retour du dernier tour pr\u00e9liminaire de la Ligue des champions face au Horoya Conakry, Velud a d\u00e9clar\u00e9 : \u00abOn est encore \u00e0 la mi-temps de ce match. On a encore le temps pour \u00e9voquer cette rencontre retour contre le Horoya Conakry. Il va falloir surtout se concentrer sur notre prochain match en championnat contre le CRB, en sachant aussi qu\u2019on a des joueurs qui seront absents. On a quatre joueurs absents qui sont en s\u00e9lection nationale. Donc, il va falloir attendre que tout le monde rentre pour pouvoir faire un point global sur nos objectifs.\u00bb<\/p>\n<p><strong>\u00abLe bon r\u00e9sultat r\u00e9alis\u00e9 par le CRB chez le FC Pyramids prouve sa valeur\u00bb<\/strong><br \/>Le technicien fran\u00e7ais attend \u00e0 un match difficile ce mardi face \u00e0 une bonne \u00e9quipe du CRB : \u00abOn sait que le match de mardi contre le CRB rev\u00eat une grande importance pour nous. Il s\u2019agit d\u2019un match entre deux clubs qui sont tr\u00e8s proches l\u2019un de l\u2019autre. Voil\u00e0, nous allons donc devoir bien pr\u00e9parer ce match pour avoir le meilleur r\u00e9sultat possible\u00bb, a-t-il d\u00e9clar\u00e9, avant d\u2019ajouter : \u00abLes deux \u00e9quipes ont r\u00e9alis\u00e9 de bons r\u00e9sultats cette semaine en comp\u00e9tition africaine. Le CRB a fait match nul chez une tr\u00e8s bonne \u00e9quipe \u00e9gyptienne du FC Pyramids, une \u00e9quipe que je connais bien. C\u2019est un r\u00e9sultat qui prouve la valeur de cette bonne \u00e9quipe de Belcourt.\u00bb<\/p>\n<p><strong>\u00abNon, la programmation de ce match ne g\u00eane pas les deux formations\u00bb<\/strong><br \/>A la question de savoir si la programmation du match contre le CRB pour ce mardi pose un probl\u00e8me en pr\u00e9vision de la rencontre retour contre le Horoya Conakry, Velud a r\u00e9pondu : \u00abNon, c\u2019est un match qui tombe bien pour les deux \u00e9quipes afin de pr\u00e9parer leur matchs retours en comp\u00e9tition africaine. Non, la programmation de ce match ne g\u00eane pas les deux formations. Comme je vous l\u2019ai d\u00e9j\u00e0 dit, \u00e7a sera un match tr\u00e8s important pour les deux formatons qui vont tenter de confirmer leur bon d\u00e9but de saison.\u00bb<\/p>\n<p><strong>\u00abC\u2019est bizarre qu\u2019un trio arbitral soit chang\u00e9 au tout dernier moment\u00bb<\/strong><br \/>Le coach a \u00e9voqu\u00e9 aussi le changement du trio arbitral pour le match retour contre le Horoya Conakry : \u00abC\u2019est d\u00e9j\u00e0 curieux d\u2019apprendre que le trio arbitral de ce match vient d\u2019\u00eatre chang\u00e9. Cela nous donne le droit de se poser des questions. Apr\u00e8s, si le football africain veut devenir plus cr\u00e9dible par rapport aux autres footballs continentaux, la CAF doit insister sur ce genre de d\u00e9tails. C\u2019est la valeur des \u00e9quipes qui doivent refl\u00e9ter les r\u00e9sultats. On a, malheureusement, vu la saison pass\u00e9e les mauvaises exp\u00e9riences \u00e0 ce niveau-l\u00e0. Certes, il y a eu quelques progr\u00e8s dans ce secteur ces derni\u00e8res ann\u00e9es. Apr\u00e8s, et comme je vous l\u2019ai dit, nous sommes en droit de se poser des questions. C\u2019est bizarre qu\u2019un trio arbitral soit chang\u00e9 au tout dernier moment.\u00bb<\/p>\n<p><strong>\u00abBien s\u00fbr que je suis optimiste\u00bb<\/strong><br \/>Hubert Velud s\u2019est montr\u00e9 optimiste avant le match retour contre le Horoya Conakry : \u00abBien s\u00fbr que je suis optimiste, surtout \u00e0 partir du moment o\u00f9 on donne la possibilit\u00e9 de jouer ce match retour \u00e0 chances \u00e9gales. On se pr\u00e9pare \u00e0 faire un match de combattent l\u00e0-bas car nous savons aussi qu\u2019il va y avoir beaucoup d\u2019impact sur le plan athl\u00e9tique. Apr\u00e8s, pour ce qui est de l\u2019\u00e9tat de la pelouse, j\u2019ai des \u00e9chos que la pelouse est dans un bon \u00e9tat, cela ne peut \u00eatre que b\u00e9n\u00e9fique pour nous.\u00bb<\/p>\n<p><strong>\u00abLe match retour contre le Horoya Conakry se jouera \u00e0 peu de chose\u00bb<\/strong><br \/>Toujours \u00e0 propos de ce match \u00f4 combien important pour les Kabyles, Velud a ajout\u00e9 : \u00abJe suis s\u00fbr que la pression sera moins grande \u00e0 Conakry que ce qu\u2019elle a \u00e9t\u00e9 aussi. Je veux parler des supporters \u00e9videmment qui ont \u00e9t\u00e9 nombreux \u00e0 nous encourager \u00e0 Tizi Ouzou. Apr\u00e8s, nous avons deux bonnes \u00e9quipes et ce match peut se jouer \u00e0 peu de chose. C\u2019est \u00e0 nous de profiter de la situation car ils seront oblig\u00e9s de se d\u00e9couvrir un peu et de jouer l\u2019attaque \u00e0 outrance.\u00bb<\/p>\n<p><strong>Publi\u00e9 dans :<\/strong> <span>Velud<\/span> <span>Horoya Conakry<\/span><\/p>\n<\/div>\n<p>Auteur:<br \/>\n<a href=\"http:\/\/www.lebuteur.com\/article\/detail?titre=jsk-velud-cest-curieux-dapprendre-que-le-trio-arbitral-du-match-retour-contre-le-horoya-conakry-ait-ete-change&#038;id=91745&#038;utm_source=feedburner&#038;utm_medium=feed&#038;utm_campaign=Feed%3A+GalerieFArtciles+%28Les+derniers+articles++-+lebuteur.com%29\">Cliquez ici pour lire l&rsquo;article depuis sa source.<\/a><\/p>\n","protected":false},"excerpt":{"rendered":"<p>Auteur : Lyes A. mercredi 18 septembre 2019 13:37 C\u2019est dans une tr\u00e8s bonne ambiance que les Kabyles poursuivent leur pr\u00e9paration dans leur fief du 1er-Novembre de Tizi Ouzou. Tous aur\u00e9ol\u00e9s de leur r\u00e9cent succ\u00e8s acquis avec l\u2019art et la mani\u00e8re contre la formation du Horoya Conakry, les hommes d\u2019Hubert Velud ont effectu\u00e9 hier leur [&hellip;]<\/p>\n","protected":false},"author":1738,"featured_media":61520,"comment_status":"closed","ping_status":"closed","sticky":false,"template":"","format":"standard","meta":{"fifu_image_url":"","fifu_image_alt":"","footnotes":""},"categories":[53,75],"tags":[],"class_list":["post-61519","post","type-post","status-publish","format-standard","has-post-thumbnail","hentry","category-algerie","category-sport"],"_links":{"self":[{"href":"https:\/\/linitiative.ca\/International\/wp-json\/wp\/v2\/posts\/61519","targetHints":{"allow":["GET"]}}],"collection":[{"href":"https:\/\/linitiative.ca\/International\/wp-json\/wp\/v2\/posts"}],"about":[{"href":"https:\/\/linitiative.ca\/International\/wp-json\/wp\/v2\/types\/post"}],"author":[{"embeddable":true,"href":"https:\/\/linitiative.ca\/International\/wp-json\/wp\/v2\/users\/1738"}],"replies":[{"embeddable":true,"href":"https:\/\/linitiative.ca\/International\/wp-json\/wp\/v2\/comments?post=61519"}],"version-history":[{"count":0,"href":"https:\/\/linitiative.ca\/International\/wp-json\/wp\/v2\/posts\/61519\/revisions"}],"wp:featuredmedia":[{"embeddable":true,"href":"https:\/\/linitiative.ca\/International\/wp-json\/"}],"wp:attachment":[{"href":"https:\/\/linitiative.ca\/International\/wp-json\/wp\/v2\/media?parent=61519"}],"wp:term":[{"taxonomy":"category","embeddable":true,"href":"https:\/\/linitiative.ca\/International\/wp-json\/wp\/v2\/categories?post=61519"},{"taxonomy":"post_tag","embeddable":true,"href":"https:\/\/linitiative.ca\/International\/wp-json\/wp\/v2\/tags?post=61519"}],"curies":[{"name":"wp","href":"https:\/\/api.w.org\/{rel}","templated":true}]}}