{"id":61521,"date":"2019-09-18T15:14:07","date_gmt":"2019-09-18T19:14:07","guid":{"rendered":"https:\/\/linitiative.ca\/International\/pros-zeffane-se-separe-de-son-agent\/"},"modified":"2019-09-18T15:14:07","modified_gmt":"2019-09-18T19:14:07","slug":"pros-zeffane-se-separe-de-son-agent","status":"publish","type":"post","link":"https:\/\/linitiative.ca\/International\/pros-zeffane-se-separe-de-son-agent\/","title":{"rendered":"Pros : Zeffane se s\u00e9pare de son agent"},"content":{"rendered":"<div readability=\"32\">\n<p>Auteur : <span class=\"time\">mercredi 18 septembre 2019 13:43<\/span><\/p>\n<\/div>\n<div id=\"post_core\" readability=\"44\">\n<p>Auteur d\u2019une bonne saison du c\u00f4t\u00e9 du Stade Rennais, club avec lequel il a remport\u00e9 la Coupe de France, Mehdi Zeffane a encha\u00een\u00e9 cet \u00e9t\u00e9 en gagnant la Coupe d\u2019Afrique des Nations avec l\u2019Alg\u00e9rie. Une s\u00e9lection au sein de laquelle il a parfaitement su remplacer Youcef Atal, bless\u00e9 durant le tournoi, et o\u00f9 il a pu compter sur le soutien sans faille de Djamel Belmadi. Apr\u00e8s cet \u00e9t\u00e9 glorieux, l\u2019ancien joueur de l\u2019OL comptait rapidement rejoindre son nouveau club, lui qui \u00e9tait libre depuis la fin de son contrat \u00e0 Rennes. Mais malgr\u00e9 son statut d\u2019agent libre et des touches avec plusieurs \u00e9curies, le lat\u00e9ral droit est toujours sans club aujourd\u2019hui. Une situation inadmissible pour le joueur qui sortait d\u2019une belle ann\u00e9e. Tr\u00e8s m\u00e9content, Zeffane a donc d\u00e9cid\u00e9 de se s\u00e9parer de son agent. L\u2019Alg\u00e9rien continue de se pr\u00e9parer aujourd\u2019hui afin d\u2019\u00eatre op\u00e9rationnel d\u00e8s qu\u2019il rejoindra son prochain club. Selon Foot Mercato, le d\u00e9fenseur int\u00e9resse des \u00e9curies espagnoles et anglaises. Affaire \u00e0 suivre donc&#8230;<\/p>\n<p><strong>Publi\u00e9 dans :<\/strong> <span>zeffane<\/span><\/p>\n<\/div>\n<p>Auteur:<br \/>\n<a href=\"http:\/\/www.lebuteur.com\/article\/detail?titre=zeffane-se-separe-de-son-agent&#038;id=91763&#038;utm_source=feedburner&#038;utm_medium=feed&#038;utm_campaign=Feed%3A+GalerieFArtciles+%28Les+derniers+articles++-+lebuteur.com%29\">Cliquez ici pour lire l&rsquo;article depuis sa source.<\/a><\/p>\n","protected":false},"excerpt":{"rendered":"<p>Auteur : mercredi 18 septembre 2019 13:43 Auteur d\u2019une bonne saison du c\u00f4t\u00e9 du Stade Rennais, club avec lequel il a remport\u00e9 la Coupe de France, Mehdi Zeffane a encha\u00een\u00e9 cet \u00e9t\u00e9 en gagnant la Coupe d\u2019Afrique des Nations avec l\u2019Alg\u00e9rie. Une s\u00e9lection au sein de laquelle il a parfaitement su remplacer Youcef Atal, bless\u00e9 [&hellip;]<\/p>\n","protected":false},"author":1738,"featured_media":61522,"comment_status":"closed","ping_status":"closed","sticky":false,"template":"","format":"standard","meta":{"fifu_image_url":"","fifu_image_alt":"","footnotes":""},"categories":[53,75],"tags":[],"class_list":["post-61521","post","type-post","status-publish","format-standard","has-post-thumbnail","hentry","category-algerie","category-sport"],"_links":{"self":[{"href":"https:\/\/linitiative.ca\/International\/wp-json\/wp\/v2\/posts\/61521","targetHints":{"allow":["GET"]}}],"collection":[{"href":"https:\/\/linitiative.ca\/International\/wp-json\/wp\/v2\/posts"}],"about":[{"href":"https:\/\/linitiative.ca\/International\/wp-json\/wp\/v2\/types\/post"}],"author":[{"embeddable":true,"href":"https:\/\/linitiative.ca\/International\/wp-json\/wp\/v2\/users\/1738"}],"replies":[{"embeddable":true,"href":"https:\/\/linitiative.ca\/International\/wp-json\/wp\/v2\/comments?post=61521"}],"version-history":[{"count":0,"href":"https:\/\/linitiative.ca\/International\/wp-json\/wp\/v2\/posts\/61521\/revisions"}],"wp:featuredmedia":[{"embeddable":true,"href":"https:\/\/linitiative.ca\/International\/wp-json\/"}],"wp:attachment":[{"href":"https:\/\/linitiative.ca\/International\/wp-json\/wp\/v2\/media?parent=61521"}],"wp:term":[{"taxonomy":"category","embeddable":true,"href":"https:\/\/linitiative.ca\/International\/wp-json\/wp\/v2\/categories?post=61521"},{"taxonomy":"post_tag","embeddable":true,"href":"https:\/\/linitiative.ca\/International\/wp-json\/wp\/v2\/tags?post=61521"}],"curies":[{"name":"wp","href":"https:\/\/api.w.org\/{rel}","templated":true}]}}