{"id":61523,"date":"2019-09-18T15:14:08","date_gmt":"2019-09-18T19:14:08","guid":{"rendered":"https:\/\/linitiative.ca\/International\/international-vers-un-transfert-definitif-de-slimani-a-monaco\/"},"modified":"2019-09-18T15:14:08","modified_gmt":"2019-09-18T19:14:08","slug":"international-vers-un-transfert-definitif-de-slimani-a-monaco","status":"publish","type":"post","link":"https:\/\/linitiative.ca\/International\/international-vers-un-transfert-definitif-de-slimani-a-monaco\/","title":{"rendered":"International : Vers un transfert d\u00e9finitif de Slimani \u00e0 Monaco ?"},"content":{"rendered":"<div readability=\"32\">\n<p>Auteur : <span class=\"time\">mercredi 18 septembre 2019 13:47<\/span><\/p>\n<\/div>\n<div id=\"post_core\" readability=\"43\">\n<p>En trois matches, il semble qu\u2019Islam Slimani fait d\u00e9j\u00e0 l\u2019unanimit\u00e9 du c\u00f4t\u00e9 de l\u2019AS Monaco. L\u2019attaquant alg\u00e9rien r\u00e9alise un bon d\u00e9but de saison personnel malgr\u00e9 les contre-performances du club. Pr\u00eat\u00e9 cette saison \u00e0 Monaco, Islam Slimani encha\u00eene les bonnes performances en Ligue 1. Il en est d\u00e9j\u00e0 \u00e0 trois buts en autant d\u2019apparitions sous le maillot rouge et blanc. Des prouesses qui ne laissent pas les dirigeants mon\u00e9gasques indiff\u00e9rents. D\u2019apr\u00e8s Buzz Sport, l\u2019international alg\u00e9rien (62s\u00e9lections\/28 buts) est parti pour rester sur le Rocher.\u00a0 L\u2019AS Monaco pourrait lever l\u2019option d\u2019achat de Slimani. Il ne reste plus qu\u2019un an de contrat pour l\u2019attaquant de 31 ans avec Leicester. Son contrat avec les Foxes expire en 2021. Le site indique que les dirigeants mon\u00e9gasques vont aborder ce sujet en fin de saison. La valeur de l\u2019Alg\u00e9rien, r\u00e9cent vainqueur de la Coupe d\u2019Afrique des nations (CAN), est estim\u00e9e \u00e0 5 millions d\u2019euros selon Transfermarkt. Si Islam Slimani brille au niveau personnel, il faut dire que cela ne se r\u00e9v\u00e8le pas encore suffisant pour l\u2019AS Monaco. Le club de la Principaut\u00e9 r\u00e9alise de nouveau un nouveau d\u00e9but de saison catastrophique avec Leonardo Jardim. Les Mon\u00e9gasques sont r\u00e9l\u00e9gables (19es de Ligue 1) et n\u2019ont encore sign\u00e9 aucune victoire cette ann\u00e9e : trois d\u00e9faites et deux nuls apr\u00e8s cinq journ\u00e9es de championnat rapporte foot-sur7.fr.<\/p>\n<p><strong>Publi\u00e9 dans :<\/strong> <span>monaco<\/span> <span>slimani<\/span><\/p>\n<\/div>\n<p>Auteur:<br \/>\n<a href=\"http:\/\/www.lebuteur.com\/article\/detail?titre=vers-un-transfert-definitif-de-slimani-a-monaco&#038;id=91764&#038;utm_source=feedburner&#038;utm_medium=feed&#038;utm_campaign=Feed%3A+GalerieFArtciles+%28Les+derniers+articles++-+lebuteur.com%29\">Cliquez ici pour lire l&rsquo;article depuis sa source.<\/a><\/p>\n","protected":false},"excerpt":{"rendered":"<p>Auteur : mercredi 18 septembre 2019 13:47 En trois matches, il semble qu\u2019Islam Slimani fait d\u00e9j\u00e0 l\u2019unanimit\u00e9 du c\u00f4t\u00e9 de l\u2019AS Monaco. L\u2019attaquant alg\u00e9rien r\u00e9alise un bon d\u00e9but de saison personnel malgr\u00e9 les contre-performances du club. Pr\u00eat\u00e9 cette saison \u00e0 Monaco, Islam Slimani encha\u00eene les bonnes performances en Ligue 1. Il en est d\u00e9j\u00e0 \u00e0 [&hellip;]<\/p>\n","protected":false},"author":1738,"featured_media":61524,"comment_status":"closed","ping_status":"closed","sticky":false,"template":"","format":"standard","meta":{"fifu_image_url":"","fifu_image_alt":"","footnotes":""},"categories":[53,75],"tags":[],"class_list":["post-61523","post","type-post","status-publish","format-standard","has-post-thumbnail","hentry","category-algerie","category-sport"],"_links":{"self":[{"href":"https:\/\/linitiative.ca\/International\/wp-json\/wp\/v2\/posts\/61523","targetHints":{"allow":["GET"]}}],"collection":[{"href":"https:\/\/linitiative.ca\/International\/wp-json\/wp\/v2\/posts"}],"about":[{"href":"https:\/\/linitiative.ca\/International\/wp-json\/wp\/v2\/types\/post"}],"author":[{"embeddable":true,"href":"https:\/\/linitiative.ca\/International\/wp-json\/wp\/v2\/users\/1738"}],"replies":[{"embeddable":true,"href":"https:\/\/linitiative.ca\/International\/wp-json\/wp\/v2\/comments?post=61523"}],"version-history":[{"count":0,"href":"https:\/\/linitiative.ca\/International\/wp-json\/wp\/v2\/posts\/61523\/revisions"}],"wp:featuredmedia":[{"embeddable":true,"href":"https:\/\/linitiative.ca\/International\/wp-json\/"}],"wp:attachment":[{"href":"https:\/\/linitiative.ca\/International\/wp-json\/wp\/v2\/media?parent=61523"}],"wp:term":[{"taxonomy":"category","embeddable":true,"href":"https:\/\/linitiative.ca\/International\/wp-json\/wp\/v2\/categories?post=61523"},{"taxonomy":"post_tag","embeddable":true,"href":"https:\/\/linitiative.ca\/International\/wp-json\/wp\/v2\/tags?post=61523"}],"curies":[{"name":"wp","href":"https:\/\/api.w.org\/{rel}","templated":true}]}}