{"id":61525,"date":"2019-09-18T15:14:09","date_gmt":"2019-09-18T19:14:09","guid":{"rendered":"https:\/\/linitiative.ca\/International\/equipe-dalgerie-la-fifa-fait-leloge-de-bounedjah\/"},"modified":"2019-09-18T15:14:09","modified_gmt":"2019-09-18T19:14:09","slug":"equipe-dalgerie-la-fifa-fait-leloge-de-bounedjah","status":"publish","type":"post","link":"https:\/\/linitiative.ca\/International\/equipe-dalgerie-la-fifa-fait-leloge-de-bounedjah\/","title":{"rendered":"Equipe d&rsquo;Alg\u00e9rie : La FIFA fait l\u2019\u00e9loge de Bounedjah"},"content":{"rendered":"<div readability=\"32\">\n<p>Auteur : <span>Moumen A.<\/span> <span class=\"time\">mercredi 18 septembre 2019 17:49<\/span><\/p>\n<\/div>\n<div id=\"post_core\" readability=\"42\">\n<p>A quelques mois de\u00a0 la prochaine Coupe du Monde des Clubs programm\u00e9e au Qatar le mois de d\u00e9cembre 2019, la FIFA a choisi l\u2019Alg\u00e9rien Baghdad Bounedjah parmi les\u00a0 joueurs\u00a0 \u00a0\u00e0 suivre, de par leurs performances individuelles, de pr\u00e8s durant cette comp\u00e9tition. Baghdad est retenu avec Mohamed Salah, Virgil Van Dijk (Liverpool) champions d\u2019Europe, Anis\u00a0 Badri (ES Tunis)\u00a0 champion d\u2019Afrique et son camarade \u00e0 Al Sadd Akram Afif champion d\u2019Asie avec la s\u00e9lection du Qatar.<\/p>\n<p><strong>Publi\u00e9 dans :<\/strong> <span>Abid et Bounedjah<\/span> <span>djamel belmadi<\/span><\/p>\n<\/div>\n<p>Auteur:<br \/>\n<a href=\"http:\/\/www.lebuteur.com\/article\/detail?titre=la-fifa-fait-leloge-de-bounedjah&#038;id=91765&#038;utm_source=feedburner&#038;utm_medium=feed&#038;utm_campaign=Feed%3A+GalerieFArtciles+%28Les+derniers+articles++-+lebuteur.com%29\">Cliquez ici pour lire l&rsquo;article depuis sa source.<\/a><\/p>\n","protected":false},"excerpt":{"rendered":"<p>Auteur : Moumen A. mercredi 18 septembre 2019 17:49 A quelques mois de\u00a0 la prochaine Coupe du Monde des Clubs programm\u00e9e au Qatar le mois de d\u00e9cembre 2019, la FIFA a choisi l\u2019Alg\u00e9rien Baghdad Bounedjah parmi les\u00a0 joueurs\u00a0 \u00a0\u00e0 suivre, de par leurs performances individuelles, de pr\u00e8s durant cette comp\u00e9tition. Baghdad est retenu avec Mohamed [&hellip;]<\/p>\n","protected":false},"author":1738,"featured_media":61526,"comment_status":"closed","ping_status":"closed","sticky":false,"template":"","format":"standard","meta":{"fifu_image_url":"","fifu_image_alt":"","footnotes":""},"categories":[53,75],"tags":[],"class_list":["post-61525","post","type-post","status-publish","format-standard","has-post-thumbnail","hentry","category-algerie","category-sport"],"_links":{"self":[{"href":"https:\/\/linitiative.ca\/International\/wp-json\/wp\/v2\/posts\/61525","targetHints":{"allow":["GET"]}}],"collection":[{"href":"https:\/\/linitiative.ca\/International\/wp-json\/wp\/v2\/posts"}],"about":[{"href":"https:\/\/linitiative.ca\/International\/wp-json\/wp\/v2\/types\/post"}],"author":[{"embeddable":true,"href":"https:\/\/linitiative.ca\/International\/wp-json\/wp\/v2\/users\/1738"}],"replies":[{"embeddable":true,"href":"https:\/\/linitiative.ca\/International\/wp-json\/wp\/v2\/comments?post=61525"}],"version-history":[{"count":0,"href":"https:\/\/linitiative.ca\/International\/wp-json\/wp\/v2\/posts\/61525\/revisions"}],"wp:featuredmedia":[{"embeddable":true,"href":"https:\/\/linitiative.ca\/International\/wp-json\/"}],"wp:attachment":[{"href":"https:\/\/linitiative.ca\/International\/wp-json\/wp\/v2\/media?parent=61525"}],"wp:term":[{"taxonomy":"category","embeddable":true,"href":"https:\/\/linitiative.ca\/International\/wp-json\/wp\/v2\/categories?post=61525"},{"taxonomy":"post_tag","embeddable":true,"href":"https:\/\/linitiative.ca\/International\/wp-json\/wp\/v2\/tags?post=61525"}],"curies":[{"name":"wp","href":"https:\/\/api.w.org\/{rel}","templated":true}]}}