{"id":61527,"date":"2019-09-18T15:14:11","date_gmt":"2019-09-18T19:14:11","guid":{"rendered":"https:\/\/linitiative.ca\/International\/pros-man-city-mahrez-titulaire-face-au-shakhtar-donetsk\/"},"modified":"2019-09-18T15:14:11","modified_gmt":"2019-09-18T19:14:11","slug":"pros-man-city-mahrez-titulaire-face-au-shakhtar-donetsk","status":"publish","type":"post","link":"https:\/\/linitiative.ca\/International\/pros-man-city-mahrez-titulaire-face-au-shakhtar-donetsk\/","title":{"rendered":"Pros : Man City : Mahrez titulaire face au Shakhtar Donetsk"},"content":{"rendered":"<div readability=\"32\">\n<p>Auteur : <span class=\"time\">mercredi 18 septembre 2019 19:26<\/span><\/p>\n<\/div>\n<div id=\"post_core\" readability=\"59\">\n<p>Pour son entr\u00e9e en lice en Ligue des Champions, Manchester City se d\u00e9place chez le Shakhtar Donetsk. Dans le onze de d\u00e9part de Pep Guardiola, Mahrez et Jesus ont \u00e9t\u00e9 pr\u00e9f\u00e9r\u00e9 \u00e0 Bernardo Silva et Aguero :<\/p>\n<p>Ederson, Walker, Otamendi, Fernandinho (C), Zinchenko, Gundogan, Rodrigo, De Bruyne, Mahrez, Sterling, Jesus<\/p>\n<p>Rempla\u00e7ants : Bravo, Aguero, Bernardo, Silva, Mendy, Cancelo, E Garcia<\/p>\n<p><img decoding=\"async\" alt=\"\" src=\"https:\/\/pbs.twimg.com\/media\/EEw7EhtWkAAg7Ze.jpg\" class=\"c1\"\/><\/p>\n<p><strong>Publi\u00e9 dans :<\/strong> <span>Manchester City<\/span><\/p>\n<\/div>\n<p>Auteur:<br \/>\n<a href=\"http:\/\/www.lebuteur.com\/article\/detail?titre=man-city-mahrez-titulaire-face-au-shakhtar-donetsk&#038;id=91766&#038;utm_source=feedburner&#038;utm_medium=feed&#038;utm_campaign=Feed%3A+GalerieFArtciles+%28Les+derniers+articles++-+lebuteur.com%29\">Cliquez ici pour lire l&rsquo;article depuis sa source.<\/a><\/p>\n","protected":false},"excerpt":{"rendered":"<p>Auteur : mercredi 18 septembre 2019 19:26 Pour son entr\u00e9e en lice en Ligue des Champions, Manchester City se d\u00e9place chez le Shakhtar Donetsk. Dans le onze de d\u00e9part de Pep Guardiola, Mahrez et Jesus ont \u00e9t\u00e9 pr\u00e9f\u00e9r\u00e9 \u00e0 Bernardo Silva et Aguero : Ederson, Walker, Otamendi, Fernandinho (C), Zinchenko, Gundogan, Rodrigo, De Bruyne, Mahrez, [&hellip;]<\/p>\n","protected":false},"author":1738,"featured_media":61528,"comment_status":"closed","ping_status":"closed","sticky":false,"template":"","format":"standard","meta":{"fifu_image_url":"","fifu_image_alt":"","footnotes":""},"categories":[53,75],"tags":[],"class_list":["post-61527","post","type-post","status-publish","format-standard","has-post-thumbnail","hentry","category-algerie","category-sport"],"_links":{"self":[{"href":"https:\/\/linitiative.ca\/International\/wp-json\/wp\/v2\/posts\/61527","targetHints":{"allow":["GET"]}}],"collection":[{"href":"https:\/\/linitiative.ca\/International\/wp-json\/wp\/v2\/posts"}],"about":[{"href":"https:\/\/linitiative.ca\/International\/wp-json\/wp\/v2\/types\/post"}],"author":[{"embeddable":true,"href":"https:\/\/linitiative.ca\/International\/wp-json\/wp\/v2\/users\/1738"}],"replies":[{"embeddable":true,"href":"https:\/\/linitiative.ca\/International\/wp-json\/wp\/v2\/comments?post=61527"}],"version-history":[{"count":0,"href":"https:\/\/linitiative.ca\/International\/wp-json\/wp\/v2\/posts\/61527\/revisions"}],"wp:featuredmedia":[{"embeddable":true,"href":"https:\/\/linitiative.ca\/International\/wp-json\/"}],"wp:attachment":[{"href":"https:\/\/linitiative.ca\/International\/wp-json\/wp\/v2\/media?parent=61527"}],"wp:term":[{"taxonomy":"category","embeddable":true,"href":"https:\/\/linitiative.ca\/International\/wp-json\/wp\/v2\/categories?post=61527"},{"taxonomy":"post_tag","embeddable":true,"href":"https:\/\/linitiative.ca\/International\/wp-json\/wp\/v2\/tags?post=61527"}],"curies":[{"name":"wp","href":"https:\/\/api.w.org\/{rel}","templated":true}]}}