{"id":61529,"date":"2019-09-17T20:00:00","date_gmt":"2019-09-18T00:00:00","guid":{"rendered":"https:\/\/linitiative.ca\/International\/depot-de-candidature-a-lelection-presidentielle-25-octobre-dernier-delai\/"},"modified":"2019-09-17T20:00:00","modified_gmt":"2019-09-18T00:00:00","slug":"depot-de-candidature-a-lelection-presidentielle-25-octobre-dernier-delai","status":"publish","type":"post","link":"https:\/\/linitiative.ca\/International\/depot-de-candidature-a-lelection-presidentielle-25-octobre-dernier-delai\/","title":{"rendered":"D\u00e9p\u00f4t de candidature \u00e0 l\u2019\u00e9lection pr\u00e9sidentielle : 25 octobre, dernier d\u00e9lai"},"content":{"rendered":"<p>Apr\u00e8s la convocation du corps \u00e9lectoral, par le chef de l\u2019\u00c9tat par int\u00e9rim, le compte \u00e0 rebours est d\u00e9sormais enclench\u00e9 pour la pr\u00e9sidentielles du 12 d\u00e9cembre prochain. Le processus commencera ainsi par la r\u00e9vision des listes \u00e9lectorales, qui devra d\u00e9buter incessamment. Cependant, la nouveaut\u00e9 pour cette consultation populaire est que cette mission \u00e9choit \u00e0 l\u2019Autorit\u00e9 nationale ind\u00e9pendante des \u00e9lections.<br \/>Cette derni\u00e8re est charg\u00e9e, notamment de tenir le fichier national du corps \u00e9lectoral, des listes \u00e9lectorales communales et des listes \u00e9lectorales de la communaut\u00e9 nationale \u00e0 l\u2019\u00e9tranger, et de les actualiser de mani\u00e8re \u00abpermanente et p\u00e9riodique\u00bb, conform\u00e9ment aux dispositions de la loi organique relative au r\u00e9gime \u00e9lectoral, et d\u2019\u00e9tablir les cartes d\u2019\u00e9lecteurs et les remettre \u00e0 leurs titulaires, stipulant en effet l\u2019article 8 de la loi organique relative \u00e0 la cr\u00e9ation de cette instance. Le pr\u00e9sident de l\u2019Autorit\u00e9 nationale ind\u00e9pendante des \u00e9lections fait proc\u00e9der \u00e0 l\u2019annonce d\u2019ouverture et de cl\u00f4ture de la p\u00e9riode de r\u00e9vision des listes \u00e9lectorales par tout moyen appropri\u00e9, compl\u00e8te la loi organique portant r\u00e9gime \u00e9lectoral, dans son article 17.<br \/>Concernant le d\u00e9p\u00f4t des dossiers de candidature, les candidats disposent de 40 jours qui suivent la publication du d\u00e9cret pr\u00e9sidentiel portant convocation du corps \u00e9lectoral, soit cinq jours de moins par rapport \u00e0 l\u2019ancienne loi, amend\u00e9e pour rappel r\u00e9cemment, cons\u00e9cutivement aux recommandations de l\u2019Instance nationale de dialogue et de m\u00e9diation. Un simple calcul fait ressortir que l\u2019op\u00e9ration prendra fin le 25 octobre, \u00e0 minuit.<br \/>L\u2019autorit\u00e9 nationale ind\u00e9pendante des \u00e9lections statue sur la validit\u00e9 des candidatures \u00e0 la pr\u00e9sidence de la R\u00e9publique par d\u00e9cision d\u00fbment motiv\u00e9e, dans un d\u00e9lai de sept jours, \u00e0 compter de la date de d\u00e9p\u00f4t de la d\u00e9claration de candidature, pr\u00e9cise l\u2019article 142 de la loi \u00e9lectorale. Cette derni\u00e8re explique que la d\u00e9cision de l\u2019instance que pr\u00e9side Charfi est imm\u00e9diatement notifi\u00e9e \u00e0 l\u2019int\u00e9ress\u00e9. En cas de rejet, ce dernier peut introduire un recours aupr\u00e8s du Conseil constitutionnel dans un d\u00e9lai de 48 heures qui suivent l\u2019heure de la notification. L\u2019Autorit\u00e9 nationale ind\u00e9pendante des \u00e9lections transmet au Conseil constitutionnel, ses d\u00e9cisions relatives aux candidatures accompagn\u00e9es des dossiers des candidats dans un d\u00e9lai n\u2019exc\u00e9dant pas les 24 heures de la date de l\u2019annonce de ses d\u00e9cisions.<br \/>Le Conseil constitutionnel valide, par d\u00e9cision, la liste d\u00e9finitive des candidats \u00e0 l\u2019\u00e9lection du pr\u00e9sident de la R\u00e9publique, y compris les recours, dans un d\u00e9lai de 7 jours, \u00e0 partir de la date de transmission de la derni\u00e8re d\u00e9cision de l\u2019Autorit\u00e9 nationale ind\u00e9pendante des \u00e9lections, sous r\u00e9serve des dispositions de l\u2019article 103 de la Constitution.\u00a0 Concernant la campagne \u00e9lectorale, celle-ci devra s\u2019ouvrir le 17 novembre, pour s\u2019\u00e9taler jusqu\u2019au 8 d\u00e9cembre, dans la mesure o\u00f9 la loi organique relative au r\u00e9gime \u00e9lectoral stipule que la campagne \u00e9lectorale est d\u00e9clar\u00e9e ouverte 25 jours avant la date du scrutin, pour s\u2019achever trois jours avant le jour J. Quid du second tour des \u00e9lections ? Dans ce cas de figure, la campagne \u00e9lectorale est ouverte 12 jours avant la date du scrutin et s\u2019ach\u00e8ve deux jours avant la date du scrutin.\u00a0\u00a0 Durant la campagne \u00e9lectorale, c\u2019est l\u2019autorit\u00e9 qui est tenue de d\u00e9terminer les surfaces r\u00e9serv\u00e9es \u00e0 l\u2019affichage des candidatures et tout ce qui est en rapport avec la publicit\u00e9 pour cet \u00e9v\u00e9nement, et de garantir une r\u00e9partition \u00abjuste et \u00e9quitable\u00bb \u00e0 l\u2019int\u00e9rieur de toutes les circonscriptions \u00e9lectorales.\u00a0 Elle est charg\u00e9e \u00e9galement de r\u00e9partir les salles de r\u00e9unions et les infrastructures d\u2019une mani\u00e8re juste et \u00e9quitable aux candidats, le cas \u00e9ch\u00e9ant, de recourir au tirage au sort pour abriter les rassemblements de la campagne \u00e9lectorale, de r\u00e9partir, d\u2019une mani\u00e8re juste et \u00e9quitable, du temps d\u2019antenne dans les m\u00e9dias audiovisuels nationaux au profit des candidats, et ce en coordination avec l\u2019autorit\u00e9 de r\u00e9gulation de l\u2019audiovisuel, et de faciliter la mission des institutions m\u00e9diatiques et des journalistes, pour leur permettre de suivre les diff\u00e9rentes phases des op\u00e9rations \u00e9lectorales, en coordination avec les parties comp\u00e9tentes.<br \/><strong>S. A. M.<\/strong><\/p>\n<p>Auteur: elmoudjahid<br \/>\n<a href=\"http:\/\/www.elmoudjahid.com\/fr\/actualites\/142140\">Cliquez ici pour lire l&rsquo;article depuis sa source.<\/a><\/p>\n","protected":false},"excerpt":{"rendered":"<p>Apr\u00e8s la convocation du corps \u00e9lectoral, par le chef de l\u2019\u00c9tat par int\u00e9rim, le compte \u00e0 rebours est d\u00e9sormais enclench\u00e9 pour la pr\u00e9sidentielles du 12 d\u00e9cembre prochain. Le processus commencera ainsi par la r\u00e9vision des listes \u00e9lectorales, qui devra d\u00e9buter incessamment. Cependant, la nouveaut\u00e9 pour cette consultation populaire est que cette mission \u00e9choit \u00e0 l\u2019Autorit\u00e9 [&hellip;]<\/p>\n","protected":false},"author":1744,"featured_media":0,"comment_status":"closed","ping_status":"closed","sticky":false,"template":"","format":"standard","meta":{"fifu_image_url":"","fifu_image_alt":"","footnotes":""},"categories":[73,53],"tags":[],"class_list":["post-61529","post","type-post","status-publish","format-standard","hentry","category-actualite","category-algerie"],"_links":{"self":[{"href":"https:\/\/linitiative.ca\/International\/wp-json\/wp\/v2\/posts\/61529","targetHints":{"allow":["GET"]}}],"collection":[{"href":"https:\/\/linitiative.ca\/International\/wp-json\/wp\/v2\/posts"}],"about":[{"href":"https:\/\/linitiative.ca\/International\/wp-json\/wp\/v2\/types\/post"}],"author":[{"embeddable":true,"href":"https:\/\/linitiative.ca\/International\/wp-json\/wp\/v2\/users\/1744"}],"replies":[{"embeddable":true,"href":"https:\/\/linitiative.ca\/International\/wp-json\/wp\/v2\/comments?post=61529"}],"version-history":[{"count":0,"href":"https:\/\/linitiative.ca\/International\/wp-json\/wp\/v2\/posts\/61529\/revisions"}],"wp:attachment":[{"href":"https:\/\/linitiative.ca\/International\/wp-json\/wp\/v2\/media?parent=61529"}],"wp:term":[{"taxonomy":"category","embeddable":true,"href":"https:\/\/linitiative.ca\/International\/wp-json\/wp\/v2\/categories?post=61529"},{"taxonomy":"post_tag","embeddable":true,"href":"https:\/\/linitiative.ca\/International\/wp-json\/wp\/v2\/tags?post=61529"}],"curies":[{"name":"wp","href":"https:\/\/api.w.org\/{rel}","templated":true}]}}