{"id":61530,"date":"2019-09-17T20:00:00","date_gmt":"2019-09-18T00:00:00","guid":{"rendered":"https:\/\/linitiative.ca\/International\/listes-electorales-et-presse-installation-de-deux-commissions\/"},"modified":"2019-09-17T20:00:00","modified_gmt":"2019-09-18T00:00:00","slug":"listes-electorales-et-presse-installation-de-deux-commissions","status":"publish","type":"post","link":"https:\/\/linitiative.ca\/International\/listes-electorales-et-presse-installation-de-deux-commissions\/","title":{"rendered":"Listes \u00e9lectorales et presse :  Installation de deux commissions"},"content":{"rendered":"<p>Aussit\u00f4t install\u00e9e, l\u2019Autorit\u00e9 nationale ind\u00e9pendante des \u00e9lections est d\u00e9j\u00e0 \u00e0 pied d\u2019\u0153uvre, pour faire de la prochaine pr\u00e9sidentielle, une r\u00e9ussite \u00e0 la mesure des attentes et aspirations des citoyens.<br \/>Le travail a d\u2019ores et d\u00e9j\u00e0 \u00e9t\u00e9 officiellement entam\u00e9, en proc\u00e9dant notamment \u00e0 l\u2019installation de deux importantes commissions. La premi\u00e8re a pour mission d\u2019\u00e9laborer les listes \u00e9lectorales et d\u2019installer toutes les repr\u00e9sentations de l\u2019autorit\u00e9 au niveau local, alors que la seconde est charg\u00e9e des relations avec la presse, comme relev\u00e9 d\u2019ailleurs par le pr\u00e9sident de l\u2019Autorit\u00e9 nationale ind\u00e9pendante des \u00e9lections.\u00a0<br \/>Ces deux commissions devront commencer le travail le plus t\u00f4t possible, sachant que la r\u00e9vision des listes \u00e9lectorales est attendue pour tr\u00e8s prochainement.<br \/>M. Mohamed Charfi, qui s\u2019exprimait lors d\u2019une conf\u00e9rence de presse, a \u00e9galement annonc\u00e9 l\u2019adoption du r\u00e8glement int\u00e9rieur, et ce apr\u00e8s l\u2019examen du texte y aff\u00e9rent par le conseil de l\u2019autorit\u00e9, lequel est compos\u00e9, faut-il le rappeler, de cinquante membres. Signalons, dans ce contexte, que selon les dispositions de l\u2019article 27 de la loi organique relative \u00e0 l\u2019Autorit\u00e9 nationale ind\u00e9pendante des \u00e9lections, c\u2019est au conseil de l\u2019autorit\u00e9 d\u2019\u00e9laborer, d\u00e8s son installation, le r\u00e8glement int\u00e9rieur, lequel devrait \u00eatre publi\u00e9 au Journal officiel.\u00a0 Le pr\u00e9sident de l\u2019autorit\u00e9, qui est notamment revenu sur les difficult\u00e9s auxquelles devrait faire face cette instance, a signal\u00e9 que celle-ci compte \u00ab\u0153uvrer pour rendre la parole au peuple, afin de d\u00e9cider de son avenir et de parachever l&rsquo;\u00e9dification de l&rsquo;\u00c9tat\u00bb, ajoutant que la d\u00e9signation de ses membres s&rsquo;est effectu\u00e9e \u00abdans le cadre d&rsquo;une d\u00e9marche consensuelle et concert\u00e9e avec la soci\u00e9t\u00e9 civile\u00bb. Il sera mis l\u2019accent, par ailleurs, sur le fait que \u00abcette autorit\u00e9 est le fruit des revendications populaires\u00bb. M. Charfi avait au pr\u00e9alable affirm\u00e9 dans ce sens que \u00able peuple alg\u00e9rien a su consacrer une v\u00e9ritable d\u00e9mocratie sur le terrain, en t\u00e9moigne la loi constitutive de cette autorit\u00e9 qui \u00e9voque les articles 7 et 8 de la Constitution, lesquels consacrent la souverainet\u00e9 du peuple ; ce qui pr\u00e9sage un meilleur avenir pour l&rsquo;Alg\u00e9rie et permet aux Alg\u00e9riens de concr\u00e9tiser les principes de la D\u00e9claration du 1er novembre 1954 \u00bb.<\/p>\n<p><strong>M. Charfi : \u00ab Tout ce qui a \u00e9t\u00e9\u00a0 entrepris est une traduction\u00a0 de ce que le peuple veut. \u00bb<\/strong><\/p>\n<p>M. Charfi met en avant que \u00abtout ce qui a \u00e9t\u00e9 entrepris est une traduction de ce que le peuple veut\u00bb.\u00a0 \u00c9voquant ensuite la mission de l\u2019autorit\u00e9 et toutes les garanties permettant de concr\u00e9tiser la revendication principale du peuple \u2014 en l\u2019occurrence celle de choisir librement celui qui le repr\u00e9sentera au plus haut sommet de l&rsquo;\u00c9tat \u2014, M. Charfi met en avant que cette autorit\u00e9 dispose de l\u2019ensemble des garanties \u00abpour une r\u00e9elle pratique de citoyennet\u00e9\u00bb et qu\u2019elle jouit \u00e9galement \u00abdes crit\u00e8res d&rsquo;autonomie et de comp\u00e9tence\u00bb.\u00a0 Mieux, encha\u00eene-t-il, \u00abcette autorit\u00e9, cr\u00e9\u00e9e pour la premi\u00e8re fois dans notre pays, est rarement \u00e9gal\u00e9e, au vu du contenu et des dimensions de la loi constitutive qui pr\u00e9voit toute les garanties d&rsquo;une r\u00e9elle et libre pratique de citoyennet\u00e9\u00bb.<br \/>Le pr\u00e9sident de l\u2019Autorit\u00e9 nationale ind\u00e9pendante des \u00e9lections rappelle que \u00able contr\u00f4le institutionnel est garanti par la loi\u00bb. Il a invit\u00e9 le peuple \u00e0 \u00abaccompagner\u00bb l\u2019Autorit\u00e9 ind\u00e9pendante en termes d&rsquo;encadrement des bureaux de vote, \u00abmais aussi en veillant \u00e0 s&rsquo;inscrire dans les listes \u00e9lectorales et \u00e0 se mobiliser pour permettre au citoyen d&rsquo;exercer pleinement son droit de vote\u00bb.<br \/>Pour rappel, l&rsquo;instance, dont le si\u00e8ge se situe \u00e0 Alger, avec des antennes au niveau local et aupr\u00e8s de la communaut\u00e9 nationale \u00e0 l&rsquo;\u00e9tranger, a pour mission de veiller \u00ab\u00e0 la pr\u00e9paration, \u00e0 l&rsquo;organisation, \u00e0 la gestion, \u00e0 la supervision et \u00e0 la surveillance des \u00e9lections\u00bb. En mati\u00e8re de surveillance des \u00e9lections, elle veille \u00e0 garantir \u00abla transparence et la r\u00e9gularit\u00e9\u00bb du scrutin lors des \u00e9tapes de sa pr\u00e9paration et de son organisation. L&rsquo;Autorit\u00e9 sera compos\u00e9e, au niveau central, d&rsquo;un pr\u00e9sident, d&rsquo;un bureau et d&rsquo;un conseil, et disposera, au niveau local, de d\u00e9l\u00e9gations de wilaya. Elle recourra \u00e0 des d\u00e9l\u00e9gu\u00e9s au niveau des communes et des repr\u00e9sentations diplomatiques et consulaires.<br \/>Elle dispose de son propre budget de fonctionnement. La nomenclature des d\u00e9penses et les termes et modalit\u00e9s d&rsquo;application seront fix\u00e9s conform\u00e9ment \u00e0 la l\u00e9gislation, pour peu que ses comptes et bilans financiers soient contr\u00f4l\u00e9s par la Cour des comptes.\u00a0 L&rsquo;instance peut enclencher toutes les proc\u00e9dures en cas d&rsquo;atteinte ou menace port\u00e9e au d\u00e9roulement normal des op\u00e9rations \u00e9lectorales, en vue de garantir la conformit\u00e9 de ces op\u00e9rations aux textes l\u00e9gislatifs et organisationnels en vigueur.<br \/>\u00a0\u00a0\u00a0 Soraya Guemmouri<\/p>\n<p>Auteur: elmoudjahid<br \/>\n<a href=\"http:\/\/www.elmoudjahid.com\/fr\/actualites\/142141\">Cliquez ici pour lire l&rsquo;article depuis sa source.<\/a><\/p>\n","protected":false},"excerpt":{"rendered":"<p>Aussit\u00f4t install\u00e9e, l\u2019Autorit\u00e9 nationale ind\u00e9pendante des \u00e9lections est d\u00e9j\u00e0 \u00e0 pied d\u2019\u0153uvre, pour faire de la prochaine pr\u00e9sidentielle, une r\u00e9ussite \u00e0 la mesure des attentes et aspirations des citoyens.Le travail a d\u2019ores et d\u00e9j\u00e0 \u00e9t\u00e9 officiellement entam\u00e9, en proc\u00e9dant notamment \u00e0 l\u2019installation de deux importantes commissions. La premi\u00e8re a pour mission d\u2019\u00e9laborer les listes \u00e9lectorales [&hellip;]<\/p>\n","protected":false},"author":1744,"featured_media":0,"comment_status":"closed","ping_status":"closed","sticky":false,"template":"","format":"standard","meta":{"fifu_image_url":"","fifu_image_alt":"","footnotes":""},"categories":[73,53],"tags":[],"class_list":["post-61530","post","type-post","status-publish","format-standard","hentry","category-actualite","category-algerie"],"_links":{"self":[{"href":"https:\/\/linitiative.ca\/International\/wp-json\/wp\/v2\/posts\/61530","targetHints":{"allow":["GET"]}}],"collection":[{"href":"https:\/\/linitiative.ca\/International\/wp-json\/wp\/v2\/posts"}],"about":[{"href":"https:\/\/linitiative.ca\/International\/wp-json\/wp\/v2\/types\/post"}],"author":[{"embeddable":true,"href":"https:\/\/linitiative.ca\/International\/wp-json\/wp\/v2\/users\/1744"}],"replies":[{"embeddable":true,"href":"https:\/\/linitiative.ca\/International\/wp-json\/wp\/v2\/comments?post=61530"}],"version-history":[{"count":0,"href":"https:\/\/linitiative.ca\/International\/wp-json\/wp\/v2\/posts\/61530\/revisions"}],"wp:attachment":[{"href":"https:\/\/linitiative.ca\/International\/wp-json\/wp\/v2\/media?parent=61530"}],"wp:term":[{"taxonomy":"category","embeddable":true,"href":"https:\/\/linitiative.ca\/International\/wp-json\/wp\/v2\/categories?post=61530"},{"taxonomy":"post_tag","embeddable":true,"href":"https:\/\/linitiative.ca\/International\/wp-json\/wp\/v2\/tags?post=61530"}],"curies":[{"name":"wp","href":"https:\/\/api.w.org\/{rel}","templated":true}]}}