{"id":61534,"date":"2019-09-18T08:41:18","date_gmt":"2019-09-18T12:41:18","guid":{"rendered":"https:\/\/linitiative.ca\/International\/94535-eliminatoires-du-chan-2020-algerie-maroc-boukhlefaya-et-rebai-forfaits-pour-cause-de-blessure-faf\/"},"modified":"2019-09-18T08:41:18","modified_gmt":"2019-09-18T12:41:18","slug":"94535-eliminatoires-du-chan-2020-algerie-maroc-boukhlefaya-et-rebai-forfaits-pour-cause-de-blessure-faf","status":"publish","type":"post","link":"https:\/\/linitiative.ca\/International\/94535-eliminatoires-du-chan-2020-algerie-maroc-boukhlefaya-et-rebai-forfaits-pour-cause-de-blessure-faf\/","title":{"rendered":"Eliminatoires du CHAN-2020 \/ Alg\u00e9rie &#8211; Maroc : Boukhlefaya et Rebai forfaits pour cause de blessure (FAF)"},"content":{"rendered":"<div>\n<div class=\"K2FeedIntroText\">\n<p><strong>ALGER- Bless\u00e9s, le gardien du CA Bordj Bou Arr\u00e9ridj Zakaria Boukhelfaya et le milieu de terrain du MC Alger Miloud Reba\u00ef ont d\u00e9clar\u00e9 forfait pour le prochain match de l&rsquo;Equipe nationale des joueurs locaux, pr\u00e9vu samedi \u00e0 Blida face au Maroc, dans le cadre des \u00e9liminatoires du Championnat d&rsquo;Afrique des nations (CHAN-2020), a-t-on appris mercredi aupr\u00e8s de la F\u00e9d\u00e9ration alg\u00e9rienne de football (FAF).<\/strong><\/p>\n<\/div>\n<div class=\"K2FeedFullText\">\n<p>\u00ab\u00a0Boukhelfaya et Reba\u00ef ont \u00e9t\u00e9 lib\u00e9r\u00e9s du stage bloqu\u00e9 actuellement en cours du Centre technique national de Sidi-Moussa, et le staff technique les a remplac\u00e9s respectivement par le gardien du Paradou AC, Toufik Moussaoui et le milieu r\u00e9cup\u00e9rateur de l&rsquo;USM Alger, Hamza Koudri\u00a0\u00bb a pr\u00e9cis\u00e9 la FAF dans un communiqu\u00e9, sans donner plus de d\u00e9tails sur la nature des blessures dont souffrent Boukhelfaya et Reba\u00ef.<\/p>\n<p>Deux nouvelles d\u00e9fections donc au sein de l&rsquo;effectif des Verts, apr\u00e8s ceux des Constantinois Hocine Benayada, Sma\u00efl Belkacemi et Islam Chahrour, laiss\u00e9s \u00e0 la disposition de leur club, le CSC, en pr\u00e9vision du match \u00ab\u00a0retour\u00a0\u00bb contre Al-Muharraq du Bahrein (0-2) disput\u00e9 mardi \u00e0 Manama, dans le cadre du tour pr\u00e9liminaire de Ligue des champions arabes.<\/p>\n<p>Le match Alg\u00e9rie &#8211; Maroc est pr\u00e9vu samedi, \u00e0 19h15, au stade Mustapha Tchaker de Blida, alors que la phase finale du CHAN-2020 se d\u00e9roulera au Cameroun.<\/p>\n<\/div>\n<p><img loading=\"lazy\" decoding=\"async\" src=\"http:\/\/feeds.feedburner.com\/~r\/aps-sport\/~4\/TTyObL-_Q8w\" height=\"1\" width=\"1\" alt=\"\"><\/div>\n<p>Auteur:<br \/>\n<a href=\"http:\/\/www.aps.dz\/sport\/94535-eliminatoires-du-chan-2020-algerie-maroc-boukhlefaya-et-rebai-forfaits-pour-cause-de-blessure-faf?utm_source=feedburner&#038;utm_medium=feed&#038;utm_campaign=Feed%3A+aps-sport+%28APS+-+SPORT%29\">Cliquez ici pour lire l&rsquo;article depuis sa source.<\/a><\/p>\n","protected":false},"excerpt":{"rendered":"<p>ALGER- Bless\u00e9s, le gardien du CA Bordj Bou Arr\u00e9ridj Zakaria Boukhelfaya et le milieu de terrain du MC Alger Miloud Reba\u00ef ont d\u00e9clar\u00e9 forfait pour le prochain match de l&rsquo;Equipe nationale des joueurs locaux, pr\u00e9vu samedi \u00e0 Blida face au Maroc, dans le cadre des \u00e9liminatoires du Championnat d&rsquo;Afrique des nations (CHAN-2020), a-t-on appris mercredi [&hellip;]<\/p>\n","protected":false},"author":1790,"featured_media":0,"comment_status":"closed","ping_status":"closed","sticky":false,"template":"","format":"standard","meta":{"fifu_image_url":"","fifu_image_alt":"","footnotes":""},"categories":[53,75],"tags":[],"class_list":["post-61534","post","type-post","status-publish","format-standard","hentry","category-algerie","category-sport"],"_links":{"self":[{"href":"https:\/\/linitiative.ca\/International\/wp-json\/wp\/v2\/posts\/61534","targetHints":{"allow":["GET"]}}],"collection":[{"href":"https:\/\/linitiative.ca\/International\/wp-json\/wp\/v2\/posts"}],"about":[{"href":"https:\/\/linitiative.ca\/International\/wp-json\/wp\/v2\/types\/post"}],"author":[{"embeddable":true,"href":"https:\/\/linitiative.ca\/International\/wp-json\/wp\/v2\/users\/1790"}],"replies":[{"embeddable":true,"href":"https:\/\/linitiative.ca\/International\/wp-json\/wp\/v2\/comments?post=61534"}],"version-history":[{"count":0,"href":"https:\/\/linitiative.ca\/International\/wp-json\/wp\/v2\/posts\/61534\/revisions"}],"wp:attachment":[{"href":"https:\/\/linitiative.ca\/International\/wp-json\/wp\/v2\/media?parent=61534"}],"wp:term":[{"taxonomy":"category","embeddable":true,"href":"https:\/\/linitiative.ca\/International\/wp-json\/wp\/v2\/categories?post=61534"},{"taxonomy":"post_tag","embeddable":true,"href":"https:\/\/linitiative.ca\/International\/wp-json\/wp\/v2\/tags?post=61534"}],"curies":[{"name":"wp","href":"https:\/\/api.w.org\/{rel}","templated":true}]}}