{"id":61537,"date":"2019-09-18T09:09:54","date_gmt":"2019-09-18T13:09:54","guid":{"rendered":"https:\/\/linitiative.ca\/International\/94541-jm-oran-2021-la-prochaine-edition-refletera-le-nouveau-visage-de-l-algerie\/"},"modified":"2019-09-18T09:09:54","modified_gmt":"2019-09-18T13:09:54","slug":"94541-jm-oran-2021-la-prochaine-edition-refletera-le-nouveau-visage-de-l-algerie","status":"publish","type":"post","link":"https:\/\/linitiative.ca\/International\/94541-jm-oran-2021-la-prochaine-edition-refletera-le-nouveau-visage-de-l-algerie\/","title":{"rendered":"JM Oran-2021: La prochaine \u00e9dition refl\u00e8tera le nouveau visage de l\u2019Alg\u00e9rie"},"content":{"rendered":"<div>\n<div class=\"K2FeedImage\"><img decoding=\"async\" src=\"http:\/\/www.aps.dz\/media\/k2\/items\/cache\/4ceb77cbee4f47c907679ba0ecb72ce2_S.jpg\" alt=\"JM Oran-2021: La prochaine \u00e9dition refl\u00e8tera le nouveau visage de l\u2019Alg\u00e9rie\"><\/div>\n<div class=\"K2FeedIntroText\">\n<p><strong>ORAN \u2013 La 19e \u00e9dition des jeux m\u00e9diterran\u00e9ens (JM) que va abriter Oran en 2021 sera une occasion pour les participants dans cet \u00e9v\u00e8nement sportif\u00a0 issus des pays de la m\u00e9diterran\u00e9e de d\u00e9couvrir le visage\u00a0de la nouvelle Alg\u00e9rie, celle de la paix et de la prosp\u00e9rit\u00e9, a d\u00e9clar\u00e9 mardi \u00e0 Oran, Hassane Rabehi, ministre de la communication, porte parole du gouvernement et ministre de la culture par int\u00e9rim.<\/strong><\/p>\n<\/div>\n<div class=\"K2FeedFullText\">\n<p>S\u2019exprimant \u00e0 l\u2019occasion de la c\u00e9r\u00e9monie organis\u00e9e pour pr\u00e9senter la nouvelle identit\u00e9 visuelle des JM, le ministre a assur\u00e9 que le gouvernement alg\u00e9rien a mobilis\u00e9 tous les moyens pour que la ville d\u2019Oran soit pr\u00eate \u00e0 tous les niveaux afin d\u2019accueillir cette importante manifestation sportive m\u00e9diterran\u00e9enne.<\/p>\n<p>\u00abLes pr\u00e9paratifs de ces jeux interviennent dans un contexte particulier que traverse le pays et marqu\u00e9 par cette \u00e9tape importante que nous nous pr\u00e9parons \u00e0 franchir dans l\u2019histoire de l\u2019Alg\u00e9rie, \u00e0 savoir les \u00e9lections pr\u00e9sidentielles du 12 d\u00e9cembre prochain\u00bb, a encore dit le ministre, qui a mis en relief \u00ables aspirations du peuple alg\u00e9rien \u00e0 d\u00e9passer la crise actuelle par le biais des \u00e9lections pr\u00e9sidentielles qui demeure la seule voie \u00e0 parcourir pour b\u00e2tir un avenir meilleur pour l\u2019Alg\u00e9rie\u00bb.<\/p>\n<p>Pour sa part, le ministre de la jeunesse et des sports, Abderraouf\u00a0 Bernaoui, pr\u00e9sent \u00e0 cette c\u00e9r\u00e9monie apr\u00e8s avoir effectue dans l\u2019apr\u00e8s midi une visite d\u2019inspection au niveau des chantiers du complexe sportif et du village m\u00e9diterran\u00e9en, a r\u00e9it\u00e9r\u00e9 sa satisfaction quant \u00e0 l\u2019\u00e9volution des travaux dans ces deux importants \u00e9quipements, ainsi qu\u2019au niveau de toutes les autres infrastructures sportives qui font l\u2019objet de vastes op\u00e9rations de r\u00e9habilitation, et pour lesquelles l\u2019Etat \u00e0 mobilis\u00e9 des moyens financiers importants.<\/p>\n<p>\u00a0<\/p>\n<blockquote>\n<p><span style=\"font-size: 12pt;\"><strong>Addadi nie toute intention du CIJM de retirer les JM \u00e0 Oran<\/strong><\/span><\/p>\n<\/blockquote>\n<p>\u00a0<\/p>\n<p>La pr\u00e9sentation de l\u2019identit\u00e9 visuelle des JM a co\u00efncid\u00e9 avec une nouvelle visite de travail et de coordination d\u2019une d\u00e9l\u00e9gation du comit\u00e9 international des jeux m\u00e9diterran\u00e9enne (CIJM) conduite par son pr\u00e9sident, l\u2019Alg\u00e9rien Amar Addadi qui n\u2019a pas cach\u00e9, \u00e0 son tour, sa satisfaction au\u00a0sujet de l\u2019\u00e9volution des pr\u00e9paratifs du rendez-vous m\u00e9diterran\u00e9en pr\u00e9vu du\u00a025-juin au 5-juillet 2021.<\/p>\n<p>Interrog\u00e9 par l\u2019APS au sujet de propos qui lui ont \u00e9t\u00e9 attribu\u00e9s derni\u00e8rement concernant un \u00e9ventuel retrait de l\u2019organisation des jeux \u00e0 Oran, le pr\u00e9sident du CIJM s\u2019est dit \u00abindign\u00e9\u00bb de ces <strong>\u00abcalomnies\u00bb<\/strong>, tout en apportant un d\u00e9menti cat\u00e9gorique \u00e0 tout ce qui a \u00e9t\u00e9 dit en son nom.<\/p>\n<p><strong>\u00abJe m\u2019inscris en faux contre de telles rumeurs. Je n\u2019ai jamais tenu de tels propos, et l\u2019id\u00e9e de retirer d\u2019Oran l\u2019organisation des jeux ne m\u2019a jamais effleur\u00e9 l\u2019esprit\u00bb<\/strong>, s\u2019est-il insurg\u00e9.<\/p>\n<p>Il a en outre estim\u00e9 que la pr\u00e9paration de la 19e \u00e9dition connait \u00abune nouvelle dynamique depuis la nomination d\u2019un nouveau directeur g\u00e9n\u00e9ral pour ces jeux (Salim Iles, ndlr)\u00bb, tout en se montrant rassur\u00e9 quant \u00e0 la r\u00e9ception des infrastructures sportives en voie de r\u00e9alisation \u00abdans les d\u00e9lais impartis\u00bb.<\/p>\n<p>En revanche, M. Addadi n\u2019a pas cach\u00e9 son inqui\u00e9tude concernant la pr\u00e9paration technique de l\u2019\u00e9v\u00e8nement, d\u2019o\u00f9 ces s\u00e9ances de travail p\u00e9riodiques qu\u2019est en train d\u2019effectuer la commission de coordination et du suivi du CIJM avec les organisateurs locaux de l\u2019\u00e9v\u00e8nement, a-t-il pr\u00e9cis\u00e9.<\/p>\n<p>Enfin, il s\u2019est engag\u00e9 \u00e0 mettre \u00e0 la disposition du comit\u00e9 national d\u2019organisation des JM les diff\u00e9rentes comp\u00e9tences de sa structure afin de l\u2019aider \u00e0 mener \u00e0 bien sa mission, \u00abet permettre par l\u00e0 m\u00eame \u00e0 Oran de bien rayonner sur la m\u00e9diterran\u00e9en le jour \u2018\u2019J\u2019\u2019\u00bb, a-t-il conclu.<\/p>\n<p>\u00a0<\/p>\n<\/div>\n<p><img loading=\"lazy\" decoding=\"async\" src=\"http:\/\/feeds.feedburner.com\/~r\/aps-sport\/~4\/GHKhLnAw9o4\" height=\"1\" width=\"1\" alt=\"\"><\/div>\n<p>Auteur:<br \/>\n<a href=\"http:\/\/www.aps.dz\/sport\/94541-jm-oran-2021-la-prochaine-edition-refletera-le-nouveau-visage-de-l-algerie?utm_source=feedburner&#038;utm_medium=feed&#038;utm_campaign=Feed%3A+aps-sport+%28APS+-+SPORT%29\">Cliquez ici pour lire l&rsquo;article depuis sa source.<\/a><\/p>\n","protected":false},"excerpt":{"rendered":"<p>ORAN \u2013 La 19e \u00e9dition des jeux m\u00e9diterran\u00e9ens (JM) que va abriter Oran en 2021 sera une occasion pour les participants dans cet \u00e9v\u00e8nement sportif\u00a0 issus des pays de la m\u00e9diterran\u00e9e de d\u00e9couvrir le visage\u00a0de la nouvelle Alg\u00e9rie, celle de la paix et de la prosp\u00e9rit\u00e9, a d\u00e9clar\u00e9 mardi \u00e0 Oran, Hassane Rabehi, ministre de [&hellip;]<\/p>\n","protected":false},"author":1790,"featured_media":61538,"comment_status":"closed","ping_status":"closed","sticky":false,"template":"","format":"standard","meta":{"fifu_image_url":"","fifu_image_alt":"","footnotes":""},"categories":[53,75],"tags":[],"class_list":["post-61537","post","type-post","status-publish","format-standard","has-post-thumbnail","hentry","category-algerie","category-sport"],"_links":{"self":[{"href":"https:\/\/linitiative.ca\/International\/wp-json\/wp\/v2\/posts\/61537","targetHints":{"allow":["GET"]}}],"collection":[{"href":"https:\/\/linitiative.ca\/International\/wp-json\/wp\/v2\/posts"}],"about":[{"href":"https:\/\/linitiative.ca\/International\/wp-json\/wp\/v2\/types\/post"}],"author":[{"embeddable":true,"href":"https:\/\/linitiative.ca\/International\/wp-json\/wp\/v2\/users\/1790"}],"replies":[{"embeddable":true,"href":"https:\/\/linitiative.ca\/International\/wp-json\/wp\/v2\/comments?post=61537"}],"version-history":[{"count":0,"href":"https:\/\/linitiative.ca\/International\/wp-json\/wp\/v2\/posts\/61537\/revisions"}],"wp:featuredmedia":[{"embeddable":true,"href":"https:\/\/linitiative.ca\/International\/wp-json\/"}],"wp:attachment":[{"href":"https:\/\/linitiative.ca\/International\/wp-json\/wp\/v2\/media?parent=61537"}],"wp:term":[{"taxonomy":"category","embeddable":true,"href":"https:\/\/linitiative.ca\/International\/wp-json\/wp\/v2\/categories?post=61537"},{"taxonomy":"post_tag","embeddable":true,"href":"https:\/\/linitiative.ca\/International\/wp-json\/wp\/v2\/tags?post=61537"}],"curies":[{"name":"wp","href":"https:\/\/api.w.org\/{rel}","templated":true}]}}