{"id":61539,"date":"2019-09-18T09:59:43","date_gmt":"2019-09-18T13:59:43","guid":{"rendered":"https:\/\/linitiative.ca\/International\/94549-championnats-arabes-des-nations-un-stage-et-cinq-courses-au-menu-de-la-selection-algerienne-en-turquie\/"},"modified":"2019-09-18T09:59:43","modified_gmt":"2019-09-18T13:59:43","slug":"94549-championnats-arabes-des-nations-un-stage-et-cinq-courses-au-menu-de-la-selection-algerienne-en-turquie","status":"publish","type":"post","link":"https:\/\/linitiative.ca\/International\/94549-championnats-arabes-des-nations-un-stage-et-cinq-courses-au-menu-de-la-selection-algerienne-en-turquie\/","title":{"rendered":"Championnats arabes des nations: un stage et cinq courses au menu de la s\u00e9lection alg\u00e9rienne en Turquie\u00a0"},"content":{"rendered":"<div>\n<div class=\"K2FeedImage\"><img decoding=\"async\" src=\"http:\/\/www.aps.dz\/media\/k2\/items\/cache\/5617c5f0a15047b072124b8d945a5d07_S.jpg\" alt=\"Championnats arabes des nations: un stage et cinq courses au menu de la s\u00e9lection alg\u00e9rienne en Turquie\u00a0\"><\/div>\n<div class=\"K2FeedIntroText\">\n<p><strong>ALGER- Cinq courses et un court stage de quatre jours sont au programme de pr\u00e9paration de la s\u00e9lection alg\u00e9rienne de cyclisme, pr\u00e9vu du 18 au 30 septembre courant en Turquie, pour poursuivre la pr\u00e9paration du prochain Championnat arabes des nations, pr\u00e9vu au mois de novembre en Egypte, a-t-on appris mercredi aupr\u00e8s de la F\u00e9d\u00e9ration (FAC).<\/strong><\/p>\n<\/div>\n<div class=\"K2FeedFullText\">\n<p>La s\u00e9lection alg\u00e9rienne, conduite par l&rsquo;entraineur national Ch\u00e9rif Merabet est attendue ce mercredi apr\u00e8s-midi \u00e0 Istanbul et elle sera compos\u00e9e de sept athl\u00e8tes, \u00e0 savoir : Nassim Sa\u00efdi, Abderrahmane Mansouri, Islam Mansouri, Hamza Mansouri, Yacine Hamza, Oussama Cheblaoui et Mohamed Amine Nehari.<\/p>\n<p>De leur c\u00f4t\u00e9, Azzedine Lagab et Youcef Reguigui manquent \u00e0 l&rsquo;appel, car engag\u00e9s actuellement avec leurs clubs respectifs, le VIB du Bahre\u00efn et Terengganu Pro Asia Cycling (Malaisie).<\/p>\n<p>Parmi les courses inscrites au programme de Nassim Sa\u00efdi et ses co\u00e9quipiers, le Grand Prix d&rsquo;Erciyes (20 sept) et le Tour de Kayseri (21-22 sept), avant de prendre part au Tour Konya Mevlana, pr\u00e9vu du 27 au 29 du m\u00eame mois.<\/p>\n<p>C\u00f4t\u00e9 staff technique, l&rsquo;entraineur national \u00ab\u00a0Ch\u00e9rif Merabet sera second\u00e9 dans sa t\u00e2che par Abderahim Kerrar et Abdelwahab Merrah\u00a0\u00bb a-t-on encore appris aupr\u00e8s de la F\u00e9d\u00e9ration.<\/p>\n<\/div>\n<p><img loading=\"lazy\" decoding=\"async\" src=\"http:\/\/feeds.feedburner.com\/~r\/aps-sport\/~4\/1fmH3Frr_to\" height=\"1\" width=\"1\" alt=\"\"><\/div>\n<p>Auteur:<br \/>\n<a href=\"http:\/\/www.aps.dz\/sport\/94549-championnats-arabes-des-nations-un-stage-et-cinq-courses-au-menu-de-la-selection-algerienne-en-turquie?utm_source=feedburner&#038;utm_medium=feed&#038;utm_campaign=Feed%3A+aps-sport+%28APS+-+SPORT%29\">Cliquez ici pour lire l&rsquo;article depuis sa source.<\/a><\/p>\n","protected":false},"excerpt":{"rendered":"<p>ALGER- Cinq courses et un court stage de quatre jours sont au programme de pr\u00e9paration de la s\u00e9lection alg\u00e9rienne de cyclisme, pr\u00e9vu du 18 au 30 septembre courant en Turquie, pour poursuivre la pr\u00e9paration du prochain Championnat arabes des nations, pr\u00e9vu au mois de novembre en Egypte, a-t-on appris mercredi aupr\u00e8s de la F\u00e9d\u00e9ration (FAC). [&hellip;]<\/p>\n","protected":false},"author":1790,"featured_media":61540,"comment_status":"closed","ping_status":"closed","sticky":false,"template":"","format":"standard","meta":{"fifu_image_url":"","fifu_image_alt":"","footnotes":""},"categories":[53,75],"tags":[],"class_list":["post-61539","post","type-post","status-publish","format-standard","has-post-thumbnail","hentry","category-algerie","category-sport"],"_links":{"self":[{"href":"https:\/\/linitiative.ca\/International\/wp-json\/wp\/v2\/posts\/61539","targetHints":{"allow":["GET"]}}],"collection":[{"href":"https:\/\/linitiative.ca\/International\/wp-json\/wp\/v2\/posts"}],"about":[{"href":"https:\/\/linitiative.ca\/International\/wp-json\/wp\/v2\/types\/post"}],"author":[{"embeddable":true,"href":"https:\/\/linitiative.ca\/International\/wp-json\/wp\/v2\/users\/1790"}],"replies":[{"embeddable":true,"href":"https:\/\/linitiative.ca\/International\/wp-json\/wp\/v2\/comments?post=61539"}],"version-history":[{"count":0,"href":"https:\/\/linitiative.ca\/International\/wp-json\/wp\/v2\/posts\/61539\/revisions"}],"wp:featuredmedia":[{"embeddable":true,"href":"https:\/\/linitiative.ca\/International\/wp-json\/"}],"wp:attachment":[{"href":"https:\/\/linitiative.ca\/International\/wp-json\/wp\/v2\/media?parent=61539"}],"wp:term":[{"taxonomy":"category","embeddable":true,"href":"https:\/\/linitiative.ca\/International\/wp-json\/wp\/v2\/categories?post=61539"},{"taxonomy":"post_tag","embeddable":true,"href":"https:\/\/linitiative.ca\/International\/wp-json\/wp\/v2\/tags?post=61539"}],"curies":[{"name":"wp","href":"https:\/\/api.w.org\/{rel}","templated":true}]}}