{"id":61548,"date":"2019-09-17T14:11:00","date_gmt":"2019-09-17T18:11:00","guid":{"rendered":"https:\/\/linitiative.ca\/International\/gouvernement-bedoui-partira-partira-pas\/"},"modified":"2019-09-17T14:11:00","modified_gmt":"2019-09-17T18:11:00","slug":"gouvernement-bedoui-partira-partira-pas","status":"publish","type":"post","link":"https:\/\/linitiative.ca\/International\/gouvernement-bedoui-partira-partira-pas\/","title":{"rendered":"Gouvernement Bedoui : Partira, partira pas !"},"content":{"rendered":"<p>Les jours du gouvernement sont-ils r\u00e9ellement compt\u00e9s comme le pr\u00e9tendent certains observateurs avertis, ou s\u2019agit-il simplement d\u2019un ballon-sonde destin\u00e9 \u00e0 mesurer le retour d\u2019\u00e9coute de l\u2019opinion nationale sur cette revendication phare du hirak\u00a0? Mais \u00e9galement d\u2019une partie de la classe politique notamment l\u2019opposition, du panel de Karim Younes, mais aussi de certains candidats potentiels \u00e0 la pr\u00e9sidentielle, \u00e0 l\u2019instar d\u2019Ali Benflis.<\/p>\n<p>D\u2019ailleurs le pr\u00e9sident du MSP, Abderrezak Makri, qui devait rendre sa r\u00e9ponse ces jours-ci au sujet de sa participation \u00e0 la pr\u00e9sidentielle du 12 d\u00e9cembre prochain, a d\u00fb reporter cette annonce au 27 du mois en cours. Dans un communiqu\u00e9 de presse diffus\u00e9 apr\u00e8s la r\u00e9union de son bureau ex\u00e9cutif, le MSP annonce qu\u2019il prendra une d\u00e9cision concernant l\u2019\u00e9lection pr\u00e9sidentielle, mais pr\u00e9cise que le scrutin \u00e9lectoral doit avant tout r\u00e9pondre \u00e0 certaines conditions. Avant tout, le MSP met en garde contre un \u00ab\u00a0troisi\u00e8me \u00e9chec\u00a0\u00bb d\u2019un nouveau rendez-vous \u00e9lectoral et revendique \u00ab\u00a0le d\u00e9part du gouvernement\u00a0\u00bb. A-t-il re\u00e7u des assurances que le d\u00e9part du gouvernement Bedoui est act\u00e9\u00a0? Le site d\u2019information Alg24, proche de la Cha\u00eene TV Ennahar\u00a0; se basant sur une source fiable, a annonc\u00e9 le d\u00e9part imminent de Bedoui et de son gouvernement.<\/p>\n<p>Or, et contre toute attente, le ministre de la Communication et porte-parole du gouvernement, Hassan Rabehi, d\u00e9ment et indique que cette exigence remettrait en cause ses \u00ab\u00a0r\u00e9alisations cruciales\u00a0\u00bb. Selon lui, la revendication du d\u00e9part du gouvernement \u00ab\u00a0constitue une ingratitude par rapport aux r\u00e9alisations cruciales qu\u2019il a pu accomplir\u00a0\u00bb, a-t-il indiqu\u00e9 ce mardi lors d\u2019une conf\u00e9rence de presse\u00a0: \u00ab\u00a0Nous sommes un gouvernement de d\u00e9cision, pas celui de gestion des affaires courantes\u00a0\u00bb, a ajout\u00e9 le ministre, balayant d\u2019un revers de main toutes les sp\u00e9culations sur cette question pos\u00e9e depuis plusieurs jours, voire des semaines. Le ministre de la Communication justifie le maintien du gouvernement Bedoui \u00e0 travers les r\u00e9alisations \u00ab\u00a0qu\u2019aucun autre n\u2019a fait avant lui depuis des ann\u00e9es\u00a0\u00bb, a-t-il ajout\u00e9. Karim Youn\u00e8s, le coordinateur du panel, a annonc\u00e9, \u00e0 l\u2019issue de sa derni\u00e8re rencontre avec le chef de l\u2019Etat Abdelkader Bensalah, que ce dernier \u00ab\u00a0n\u2019\u00e9tait pas contre le d\u00e9part du Premier ministre\u00a0\u00bb en gage de bonne foi et de transparence de la part du pouvoir. Les projecteurs sont d\u00e9sormais braqu\u00e9s sur le d\u00e9part d\u2019un autre \u00ab\u00a0B\u00a0\u00bb, \u00e0 savoir Noureddine Bedoui, actuel Premier ministre.<\/p>\n<p>Ce dernier devrait d\u00e9poser sa d\u00e9mission dans les prochaines heures, d\u2019autant que son d\u00e9part est l\u2019une des revendications pressantes du peuple, en guise de garantie d\u2019une \u00e9lection pr\u00e9sidentielle libre et transparente. L\u2019option de cette nouvelle feuille de route, qui vise \u00e0 nouer le dialogue en vue de r\u00e9unir les conditions n\u00e9cessaires \u00e0 la relance du processus \u00e9lectoral pour \u00e9lire un pr\u00e9sident de la R\u00e9publique et permettre ainsi au pays de sortir de la crise, a \u00e9t\u00e9 \u00e9voqu\u00e9e par le chef de l\u2019Etat par int\u00e9rim. Si le pouvoir actuel fut contraint d\u2019annuler par deux fois l\u2019\u00e9lection pr\u00e9sidentielle sous la pression du hirak, cette fois-ci, la seule annonce qui pourrait \u00e0 tout le moins apaiser les tensions, est le d\u00e9part de Bedoui et son \u00e9quipe et la nomination d\u2019un gouvernement de \u00ab\u00a0comp\u00e9tences nationales\u00a0\u00bb, qui peut constituer un gage de bonne volont\u00e9 du pouvoir dans la recherche d\u2019une solution d\u00e9finitive \u00e0 la crise.<\/p>\n<p>Auteur: Boudjedri<br \/>\n<a href=\"http:\/\/www.jeune-independant.net\/Gouvernement-Bedoui-Partira.html\">Cliquez ici pour lire l&rsquo;article depuis sa source.<\/a><\/p>\n","protected":false},"excerpt":{"rendered":"<p>Les jours du gouvernement sont-ils r\u00e9ellement compt\u00e9s comme le pr\u00e9tendent certains observateurs avertis, ou s\u2019agit-il simplement d\u2019un ballon-sonde destin\u00e9 \u00e0 mesurer le retour d\u2019\u00e9coute de l\u2019opinion nationale sur cette revendication phare du hirak\u00a0? Mais \u00e9galement d\u2019une partie de la classe politique notamment l\u2019opposition, du panel de Karim Younes, mais aussi de certains candidats potentiels \u00e0 [&hellip;]<\/p>\n","protected":false},"author":1737,"featured_media":0,"comment_status":"closed","ping_status":"closed","sticky":false,"template":"","format":"standard","meta":{"fifu_image_url":"","fifu_image_alt":"","footnotes":""},"categories":[73,53],"tags":[],"class_list":["post-61548","post","type-post","status-publish","format-standard","hentry","category-actualite","category-algerie"],"_links":{"self":[{"href":"https:\/\/linitiative.ca\/International\/wp-json\/wp\/v2\/posts\/61548","targetHints":{"allow":["GET"]}}],"collection":[{"href":"https:\/\/linitiative.ca\/International\/wp-json\/wp\/v2\/posts"}],"about":[{"href":"https:\/\/linitiative.ca\/International\/wp-json\/wp\/v2\/types\/post"}],"author":[{"embeddable":true,"href":"https:\/\/linitiative.ca\/International\/wp-json\/wp\/v2\/users\/1737"}],"replies":[{"embeddable":true,"href":"https:\/\/linitiative.ca\/International\/wp-json\/wp\/v2\/comments?post=61548"}],"version-history":[{"count":0,"href":"https:\/\/linitiative.ca\/International\/wp-json\/wp\/v2\/posts\/61548\/revisions"}],"wp:attachment":[{"href":"https:\/\/linitiative.ca\/International\/wp-json\/wp\/v2\/media?parent=61548"}],"wp:term":[{"taxonomy":"category","embeddable":true,"href":"https:\/\/linitiative.ca\/International\/wp-json\/wp\/v2\/categories?post=61548"},{"taxonomy":"post_tag","embeddable":true,"href":"https:\/\/linitiative.ca\/International\/wp-json\/wp\/v2\/tags?post=61548"}],"curies":[{"name":"wp","href":"https:\/\/api.w.org\/{rel}","templated":true}]}}