{"id":61557,"date":"2019-09-18T14:24:00","date_gmt":"2019-09-18T18:24:00","guid":{"rendered":"https:\/\/linitiative.ca\/International\/zbidi-confirme-dans-ses-fonctions-de-ministre-de-la-defense\/"},"modified":"2019-09-18T14:24:00","modified_gmt":"2019-09-18T18:24:00","slug":"zbidi-confirme-dans-ses-fonctions-de-ministre-de-la-defense","status":"publish","type":"post","link":"https:\/\/linitiative.ca\/International\/zbidi-confirme-dans-ses-fonctions-de-ministre-de-la-defense\/","title":{"rendered":"Zbidi  confirm\u00e9 dans ses fonctions de ministre de la D\u00e9fense"},"content":{"rendered":"<p>\u00ab Le pr\u00e9sident de la R\u00e9publique par int\u00e9rim, Mohamed\u00a0 Ennaceur a\u00a0 re\u00e7u mercredi de la D\u00e9fense nationale Abdelkerim Zbidi\u00a0 et l\u2019a charg\u00e9 d\u2019effectuer des visites d\u2019inspection des installations militaires implant\u00e9es dans les zones frontali\u00e8res de la Tunisie \u00bb. Cette d\u00e9p\u00eache laconique de la pr\u00e9sidence de la R\u00e9publique et banale au premier abord\u00a0 vaut surtout par ses non-dits.<br \/>\u00a0Il s\u2019est av\u00e9r\u00e9 que le ministre de la D\u00e9fense contrairement \u00e0 ce qui s\u2019est\u00a0 dit\u00a0 et \u00e9crit est rest\u00e9 \u00e0 son poste et\u00a0 que s\u2019il avait pr\u00e9sent\u00e9 sa d\u00e9mission, le pr\u00e9sident ne l\u2019a pas \u00e9t\u00e9 accept\u00e9e. En tout cas, cette\u00a0 d\u00e9p\u00eache vaut confirmation de M. Zbidi dans ses fonctions.\u00a0<br \/>\u00a0<\/p>\n<p>Auteur:<br \/>\n<a href=\"https:\/\/www.leaders.com.tn\/article\/28003-zbidi-confirme-dans-ses-fonctions-de-ministre-de-la-defense\">Cliquez ici pour lire l&rsquo;article depuis sa source.<\/a><\/p>\n","protected":false},"excerpt":{"rendered":"<p>\u00ab Le pr\u00e9sident de la R\u00e9publique par int\u00e9rim, Mohamed\u00a0 Ennaceur a\u00a0 re\u00e7u mercredi de la D\u00e9fense nationale Abdelkerim Zbidi\u00a0 et l\u2019a charg\u00e9 d\u2019effectuer des visites d\u2019inspection des installations militaires implant\u00e9es dans les zones frontali\u00e8res de la Tunisie \u00bb. Cette d\u00e9p\u00eache laconique de la pr\u00e9sidence de la R\u00e9publique et banale au premier abord\u00a0 vaut surtout par [&hellip;]<\/p>\n","protected":false},"author":1772,"featured_media":0,"comment_status":"closed","ping_status":"closed","sticky":false,"template":"","format":"standard","meta":{"fifu_image_url":"","fifu_image_alt":"","footnotes":""},"categories":[73,55],"tags":[],"class_list":["post-61557","post","type-post","status-publish","format-standard","hentry","category-actualite","category-tunisie"],"_links":{"self":[{"href":"https:\/\/linitiative.ca\/International\/wp-json\/wp\/v2\/posts\/61557","targetHints":{"allow":["GET"]}}],"collection":[{"href":"https:\/\/linitiative.ca\/International\/wp-json\/wp\/v2\/posts"}],"about":[{"href":"https:\/\/linitiative.ca\/International\/wp-json\/wp\/v2\/types\/post"}],"author":[{"embeddable":true,"href":"https:\/\/linitiative.ca\/International\/wp-json\/wp\/v2\/users\/1772"}],"replies":[{"embeddable":true,"href":"https:\/\/linitiative.ca\/International\/wp-json\/wp\/v2\/comments?post=61557"}],"version-history":[{"count":0,"href":"https:\/\/linitiative.ca\/International\/wp-json\/wp\/v2\/posts\/61557\/revisions"}],"wp:attachment":[{"href":"https:\/\/linitiative.ca\/International\/wp-json\/wp\/v2\/media?parent=61557"}],"wp:term":[{"taxonomy":"category","embeddable":true,"href":"https:\/\/linitiative.ca\/International\/wp-json\/wp\/v2\/categories?post=61557"},{"taxonomy":"post_tag","embeddable":true,"href":"https:\/\/linitiative.ca\/International\/wp-json\/wp\/v2\/tags?post=61557"}],"curies":[{"name":"wp","href":"https:\/\/api.w.org\/{rel}","templated":true}]}}