{"id":61572,"date":"2019-09-18T12:36:03","date_gmt":"2019-09-18T16:36:03","guid":{"rendered":"https:\/\/linitiative.ca\/International\/tunisie-400-instituteurs-et-enseignants-recrutes-a-beja\/"},"modified":"2019-09-18T12:36:03","modified_gmt":"2019-09-18T16:36:03","slug":"tunisie-400-instituteurs-et-enseignants-recrutes-a-beja","status":"publish","type":"post","link":"https:\/\/linitiative.ca\/International\/tunisie-400-instituteurs-et-enseignants-recrutes-a-beja\/","title":{"rendered":"Tunisie: 400 instituteurs et enseignants recrut\u00e9s \u00e0 B\u00e9ja"},"content":{"rendered":"<div class=\"post-cont-in left relative\">\n<div class=\"swp_social_panel swp_horizontal_panel swp_flat_fresh swp_default_full_color swp_individual_full_color swp_other_full_color scale-100 scale-\" data-min-width=\"1100\" data-float-color=\"#ffffff\" data-float=\"none\" data-float-mobile=\"none\" data-transition=\"slide\">\n<div class=\"nc_tweetContainer swp_share_button total_shares total_sharesalt\"><span class=\"swp_count\">11 <span class=\"swp_label\">Partages<\/span><\/span><\/div>\n<\/div>\n<p>Au total 400 instituteurs et enseignants parmi les suppl\u00e9ants et les titulaires de dipl\u00f4mes en sciences de l\u2019\u00e9ducation ont \u00e9t\u00e9 recrut\u00e9s, \u00e0\u00a0l\u2019occasion de la rentr\u00e9e scolaire, pour combler le manque du cadre \u00e9ducatif dans les \u00e9tablissements scolaires de la r\u00e9gion, a indiqu\u00e9 Mokded Dridi, commissaire de l\u2019Education \u00e0 B\u00e9ja.<\/p>\n<p>Les nouvelles recrues ont commenc\u00e9, depuis le week-end dernier, \u00e0 rejoindre progressivement leurs postes, a-t-il ajout\u00e9 dans une d\u00e9claration \u00e0 l\u2019agence TAP.<\/p>\n<div class=\"code-block code-block-1 c3\"><ins class=\"adsbygoogle c2\" data-ad-layout=\"in-article\" data-ad-format=\"fluid\" data-ad-client=\"ca-pub-2102118777505746\" data-ad-slot=\"7301775417\"\/> <\/div>\n<p>Par ailleurs, il a soulign\u00e9 que des postes vacants sont encore enregistr\u00e9s au niveau de surveillants dans les foyers et les \u00e9tablissements scolaires.<\/p>\n<p>Dridi a affirm\u00e9 que la rentr\u00e9e s\u2019est d\u00e9roul\u00e9e dans des conditions normales malgr\u00e9 le manque de directeurs dans certains coll\u00e8ges.<\/p>\n<p>Pour la rentr\u00e9e scolaire 2019-2020 \u00e0 B\u00e9ja, le nombre des \u00e9l\u00e8ves qui ont regagn\u00e9 les bancs de l\u2019\u00e9cole a atteint 32850 inscrits en primaire et 27074 dans les coll\u00e8ges et les lyc\u00e9es.<\/p>\n<p>Les cours seront assur\u00e9s par un effectif de 2062 instituteurs et enseignants, a pr\u00e9cis\u00e9 la m\u00eame source.<\/p>\n<p><strong>Que se passe-t-il en Tunisie?<\/strong><br \/>Nous expliquons sur notre <a href=\"https:\/\/www.youtube.com\/channel\/UCRzypVq0B_yBad5eGrwBx0Q?sub_confirmation=1\" target=\"_blank\" rel=\"noopener noreferrer\">cha\u00eene YouTube<\/a> . <a href=\"https:\/\/www.youtube.com\/channel\/UCRzypVq0B_yBad5eGrwBx0Q?sub_confirmation=1\" target=\"_blank\" rel=\"noopener noreferrer\">Abonnez-vous!<\/a><\/p>\n<div class=\"mvp-org-wrap mvp-org-logo\" itemprop=\"publisher\" itemscope=\"\" itemtype=\"https:\/\/schema.org\/Organization\">\n<p><img decoding=\"async\" src=\"https:\/\/www.tunisienumerique.com\/wp-content\/uploads\/2017\/02\/logo_tunisie_numerique.png\"\/><\/p>\n<\/div>\n<div class=\"swp_social_panel swp_horizontal_panel swp_flat_fresh swp_default_full_color swp_individual_full_color swp_other_full_color scale-100 scale-\" data-min-width=\"1100\" data-float-color=\"#ffffff\" data-float=\"none\" data-float-mobile=\"none\" data-transition=\"slide\">\n<div class=\"nc_tweetContainer swp_share_button total_shares total_sharesalt\"><span class=\"swp_count\">11 <span class=\"swp_label\">Partages<\/span><\/span><\/div>\n<\/div>\n<div class=\"mvp-related-posts left relative\">\n<h4 class=\"post-header\"><span class=\"post-header\">Lire aussi<\/span><\/h4>\n<\/div>\n<\/div>\n<p>Auteur: Mourad S<br \/>\n<a href=\"https:\/\/www.tunisienumerique.com\/tunisie-400-instituteurs-et-enseignants-recrutes-a-beja\/\">Cliquez ici pour lire l&rsquo;article depuis sa source.<\/a><\/p>\n","protected":false},"excerpt":{"rendered":"<p>11 Partages Au total 400 instituteurs et enseignants parmi les suppl\u00e9ants et les titulaires de dipl\u00f4mes en sciences de l\u2019\u00e9ducation ont \u00e9t\u00e9 recrut\u00e9s, \u00e0\u00a0l\u2019occasion de la rentr\u00e9e scolaire, pour combler le manque du cadre \u00e9ducatif dans les \u00e9tablissements scolaires de la r\u00e9gion, a indiqu\u00e9 Mokded Dridi, commissaire de l\u2019Education \u00e0 B\u00e9ja. Les nouvelles recrues ont [&hellip;]<\/p>\n","protected":false},"author":1789,"featured_media":61573,"comment_status":"closed","ping_status":"closed","sticky":false,"template":"","format":"standard","meta":{"fifu_image_url":"","fifu_image_alt":"","footnotes":""},"categories":[73,55],"tags":[],"class_list":["post-61572","post","type-post","status-publish","format-standard","has-post-thumbnail","hentry","category-actualite","category-tunisie"],"_links":{"self":[{"href":"https:\/\/linitiative.ca\/International\/wp-json\/wp\/v2\/posts\/61572","targetHints":{"allow":["GET"]}}],"collection":[{"href":"https:\/\/linitiative.ca\/International\/wp-json\/wp\/v2\/posts"}],"about":[{"href":"https:\/\/linitiative.ca\/International\/wp-json\/wp\/v2\/types\/post"}],"author":[{"embeddable":true,"href":"https:\/\/linitiative.ca\/International\/wp-json\/wp\/v2\/users\/1789"}],"replies":[{"embeddable":true,"href":"https:\/\/linitiative.ca\/International\/wp-json\/wp\/v2\/comments?post=61572"}],"version-history":[{"count":0,"href":"https:\/\/linitiative.ca\/International\/wp-json\/wp\/v2\/posts\/61572\/revisions"}],"wp:featuredmedia":[{"embeddable":true,"href":"https:\/\/linitiative.ca\/International\/wp-json\/"}],"wp:attachment":[{"href":"https:\/\/linitiative.ca\/International\/wp-json\/wp\/v2\/media?parent=61572"}],"wp:term":[{"taxonomy":"category","embeddable":true,"href":"https:\/\/linitiative.ca\/International\/wp-json\/wp\/v2\/categories?post=61572"},{"taxonomy":"post_tag","embeddable":true,"href":"https:\/\/linitiative.ca\/International\/wp-json\/wp\/v2\/tags?post=61572"}],"curies":[{"name":"wp","href":"https:\/\/api.w.org\/{rel}","templated":true}]}}