{"id":61598,"date":"2019-09-19T09:05:46","date_gmt":"2019-09-19T13:05:46","guid":{"rendered":"https:\/\/linitiative.ca\/International\/gestion-durable-des-eaux-le-salon-ecomondo-presentera-les-projets-les-plus-innovants\/"},"modified":"2019-09-19T09:05:46","modified_gmt":"2019-09-19T13:05:46","slug":"gestion-durable-des-eaux-le-salon-ecomondo-presentera-les-projets-les-plus-innovants","status":"publish","type":"post","link":"https:\/\/linitiative.ca\/International\/gestion-durable-des-eaux-le-salon-ecomondo-presentera-les-projets-les-plus-innovants\/","title":{"rendered":"Gestion durable des eaux : Le Salon Ecomondo pr\u00e9sentera les projets les plus innovants"},"content":{"rendered":"<p><img decoding=\"async\" class=\"post_layout_5_img\" src=\"http:\/\/aujourdhui.ma\/wp-content\/uploads\/2019\/09\/ECOMONDO.jpg?x29840\" alt=\"Gestion durable des eaux : Le Salon Ecomondo pr\u00e9sentera les projets les plus innovants\"\/><\/p>\n<p class=\"p1\"><span class=\"c5\"><strong><span class=\"s1 c4\"><em>Il se tiendra du 5 au 8 novembre au Parc des expositions de Rimini en Italie<\/em><\/span><\/strong><\/span><span id=\"more-318283\"\/><\/p>\n<div class=\"base-box mom_box_sc_custom mom_box_sc clear c6\" readability=\"8\">\n<p class=\"p1\"><em>Cette \u00e9dition sera l\u2019occasion de suivre de pr\u00e8s l\u2019\u00e9volution des projets d\u2019innovation dans le secteur hydrique cofinanc\u00e9s par la Commission europ\u00e9enne \u00e0 travers les actions Horizon 2020.<\/em><\/p>\n<\/div>\n<p class=\"p1\"><span class=\"s1\">Le Salon international des technologies environnementales Ecomondo se tiendra du 5 au 8 novembre 2019 au Parc des expositions de Rimini en Italie. Il exposera les projets europ\u00e9ens les plus innovants dans le secteur hydrique dans le cadre du Global Water Expo. A noter que la section Global Water Expo du Salon s\u2019agrandit, faisant appel \u00e0 tous les sp\u00e9cialistes et institutions op\u00e9rant dans un secteur qui vaut 777 millions d\u2019euros et 4.000 emplois en Italie. Gr\u00e2ce \u00e0 la section Global Water Expo et au partenariat avec Utilitalia, Ecomondo se r\u00e9v\u00e8le une vitrine de l\u2019innovation dans toutes les phases de la fili\u00e8re du service hydrique int\u00e9gr\u00e9 et du cycle des eaux.<\/span><\/p>\n<p class=\"p1\"><span class=\"s1\">Le r\u00f4le central d\u2019Ecomondo dans ce domaine est d\u2019ailleurs confirm\u00e9 par un important rendez-vous tenu du 8 au 12 septembre en Italie : la 3e \u00e9dition de la Resource Recovery Conference de l\u2019IWA (International Water Association). Cette nouvelle \u00e9dition sera ainsi l\u2019occasion de suivre de pr\u00e8s l\u2019\u00e9volution des projets d\u2019innovation dans le secteur hydrique cofinanc\u00e9s par la Commission europ\u00e9enne \u00e0 travers les actions Horizon 2020. Ecomondo 2019 permettra notamment de conna\u00eetre les conclusions du projet Smart Plant, qui a valid\u00e9, au sein d\u2019installations pilotes de grandes dimensions, les possibilit\u00e9s de r\u00e9cup\u00e9ration et r\u00e9utilisation de cellulose, biopolym\u00e8res et nutriments des eaux us\u00e9es et des boues d\u2019\u00e9puration.<\/span><\/p>\n<p class=\"p1\"><span class=\"s1\">Les participants \u00e0 ce salon pourront aussi prendre connaissance des caract\u00e9ristiques et des \u00e9tapes du projet \u00abhydrousa\u00bb qui est destin\u00e9 \u00e0 r\u00e9pondre aux probl\u00e8mes en carence en eau au moyen de solutions naturelles : r\u00e9cup\u00e9ration des eaux us\u00e9es et des eaux de pluie, d\u00e9salinisation de l\u2019eau de mer \u00e0 co\u00fbt r\u00e9duit, recharge des nappes phr\u00e9atiques et r\u00e9cup\u00e9ration de l\u2019humidit\u00e9 de l\u2019air. De nouvelles solutions pour la r\u00e9utilisation des eaux us\u00e9es \u00e9pur\u00e9es dans le Bassin m\u00e9diterran\u00e9en sont \u00e9galement au c\u0153ur du projet europ\u00e9en Fit4rReuse.<\/span><\/p>\n<p class=\"p1\"><span class=\"s1\">Tous ces projets innovants mariant recherche et applicabilit\u00e9 seront approfondis \u00e0 Ecomondo durant la journ\u00e9e du mardi 5 novembre lors d\u2019un rendez-vous intitul\u00e9 \u00abWater reuse in agriculture, sustainable irrigation and nature managed water cycle in the new European framework\u00bb. Le projet europ\u00e9en Digital Water City (DWC) qui mise sur la recherche de solutions num\u00e9riques pour l\u2019optimisation des services hydriques urbains sera pr\u00e9sent\u00e9 le jeudi 7 novembre dans le cadre du congr\u00e8s \u00abWater and sanitation safety plans\u00bb.<\/span><\/p>\n<p class=\"p1\"><span class=\"s1\">Ce projet implique 5 villes europ\u00e9ennes :<br \/>Paris, Berlin, Copenhague, Sofia et Milan. Signalons que cette nouvelle \u00e9dition mettra l\u2019accent sur plusieurs th\u00e9matiques dont la l\u00e9gislation en mati\u00e8re de gestion durable des boues et de valorisation de traitement des eaux us\u00e9es.<\/span><\/p>\n<p>Auteur: ALM<br \/>\n<a href=\"http:\/\/aujourdhui.ma\/societe\/gestion-durable-des-eaux-le-salon-ecomondo-presentera-les-projets-les-plus-innovants\">Cliquez ici pour lire l&rsquo;article depuis sa source.<\/a><\/p>\n","protected":false},"excerpt":{"rendered":"<p>Il se tiendra du 5 au 8 novembre au Parc des expositions de Rimini en Italie Cette \u00e9dition sera l\u2019occasion de suivre de pr\u00e8s l\u2019\u00e9volution des projets d\u2019innovation dans le secteur hydrique cofinanc\u00e9s par la Commission europ\u00e9enne \u00e0 travers les actions Horizon 2020. Le Salon international des technologies environnementales Ecomondo se tiendra du 5 au [&hellip;]<\/p>\n","protected":false},"author":1759,"featured_media":0,"comment_status":"closed","ping_status":"closed","sticky":false,"template":"","format":"standard","meta":{"fifu_image_url":"","fifu_image_alt":"","footnotes":""},"categories":[73,54],"tags":[],"class_list":["post-61598","post","type-post","status-publish","format-standard","hentry","category-actualite","category-maroc"],"_links":{"self":[{"href":"https:\/\/linitiative.ca\/International\/wp-json\/wp\/v2\/posts\/61598","targetHints":{"allow":["GET"]}}],"collection":[{"href":"https:\/\/linitiative.ca\/International\/wp-json\/wp\/v2\/posts"}],"about":[{"href":"https:\/\/linitiative.ca\/International\/wp-json\/wp\/v2\/types\/post"}],"author":[{"embeddable":true,"href":"https:\/\/linitiative.ca\/International\/wp-json\/wp\/v2\/users\/1759"}],"replies":[{"embeddable":true,"href":"https:\/\/linitiative.ca\/International\/wp-json\/wp\/v2\/comments?post=61598"}],"version-history":[{"count":0,"href":"https:\/\/linitiative.ca\/International\/wp-json\/wp\/v2\/posts\/61598\/revisions"}],"wp:attachment":[{"href":"https:\/\/linitiative.ca\/International\/wp-json\/wp\/v2\/media?parent=61598"}],"wp:term":[{"taxonomy":"category","embeddable":true,"href":"https:\/\/linitiative.ca\/International\/wp-json\/wp\/v2\/categories?post=61598"},{"taxonomy":"post_tag","embeddable":true,"href":"https:\/\/linitiative.ca\/International\/wp-json\/wp\/v2\/tags?post=61598"}],"curies":[{"name":"wp","href":"https:\/\/api.w.org\/{rel}","templated":true}]}}