{"id":61599,"date":"2019-09-19T09:09:54","date_gmt":"2019-09-19T13:09:54","guid":{"rendered":"https:\/\/linitiative.ca\/International\/casablanca-design-week-une-2eme-edition-qui-celebre-le-patrimoine-culturel-marocain\/"},"modified":"2019-09-19T09:09:54","modified_gmt":"2019-09-19T13:09:54","slug":"casablanca-design-week-une-2eme-edition-qui-celebre-le-patrimoine-culturel-marocain","status":"publish","type":"post","link":"https:\/\/linitiative.ca\/International\/casablanca-design-week-une-2eme-edition-qui-celebre-le-patrimoine-culturel-marocain\/","title":{"rendered":"Casablanca Design Week : Une 2\u00e8me \u00e9dition qui c\u00e9l\u00e8bre le patrimoine culturel marocain"},"content":{"rendered":"<p><img decoding=\"async\" class=\"post_layout_5_img\" src=\"http:\/\/aujourdhui.ma\/wp-content\/uploads\/2019\/09\/Casablanca-Design-Week.jpg?x29840\" alt=\"Casablanca Design Week : Une 2\u00e8me \u00e9dition qui c\u00e9l\u00e8bre le patrimoine culturel marocain\"\/><\/p>\n<p class=\"p1\"><span class=\"s1 c4\"><strong>Elle r\u00e9unit une soixantaine d\u2019artistes, designers reconnus et jeunes talents \u00e9mergents<\/strong><\/span><span id=\"more-318303\"\/><\/p>\n<div class=\"base-box mom_box_sc_custom mom_box_sc clear c5\" readability=\"8\">\n<p class=\"p1\"><strong><span class=\"s1\"><em>Les organisateurs ont concoct\u00e9 un programme riche en cr\u00e9ations et r\u00e9flexions.\u00a0<\/em><\/span><span class=\"s1\"><em>Il propose une exposition nationale et internationale.<\/em><\/span><\/strong><\/p>\n<\/div>\n<p class=\"p1\">Le collectif Houna organise la deuxi\u00e8me \u00e9dition de la Casablanca Design Week.<span class=\"Apple-converted-space\">\u00a0<\/span> Pr\u00e9vue du 24<span class=\"Apple-converted-space\">\u00a0<\/span> au 30 septembre, cette manifestation investira plusieurs espaces embl\u00e9matiques de la ville avec pour th\u00e8me \u00abMn Hna Lhih\u00bb. Une th\u00e9matique ayant pour but, selon les initiateurs, de c\u00e9l\u00e9brer, red\u00e9couvrir le patrimoine culturel cr\u00e9atif marocain et la marocanit\u00e9 des savoir-faire. <em>\u00abChaque \u0153uvre cr\u00e9\u00e9e s\u2019inscrit dans un h\u00e9ritage. Le but \u00e9tant d\u2019\u00e9tablir l\u2019inventaire de ces transitions, les \u00e9tudier et les appr\u00e9cier \u00e0 leur juste valeur\u00bb.<\/em><\/p>\n<p class=\"p1\">En effet, la Casablanca Design Week r\u00e9unit une soixantaine d\u2019artistes, designers reconnus et jeunes talents \u00e9mergents constituant l\u2019ensemble de l\u2019\u00e9cosyst\u00e8me cr\u00e9atif du pays. Elle s\u2019installe d\u00e9sormais comme biennale et offre une r\u00e9interpr\u00e9tation du savoir-faire et du patrimoine culturel cr\u00e9atif marocain.<\/p>\n<p class=\"p1\">A cet effet, les organisateurs ont concoct\u00e9 un programme riche en cr\u00e9ations et r\u00e9flexions. Il propose une exposition nationale et internationale. Celle-ci se d\u00e9roulera \u00e0 la Galerie GVCC. Elle a pour objectif de raconter l\u2019histoire des techniques ancestrales et artisanales d\u2019hier \u00e0 aujourd\u2019hui. <em>\u00abD\u00e9voiler le velout\u00e9 des caftans, le grain du fil de broderie mais en plus des techniques, \u00e9galement c\u00e9l\u00e9brer des objets, ou des mat\u00e9riaux\u00bb.<\/em> Beaucoup de techniques artisanales ont \u00e9t\u00e9 \u00abemprunt\u00e9es\u00bb au Maroc\u00bb. D\u00e9bats et partage sont \u00e9galement au c\u0153ur de la Design Week.<\/p>\n<p class=\"p1\">Ceux-ci constituent une occasion de discuter et d\u2019\u00e9changer avec des artistes, des designers et des sp\u00e9cialistes autour du design et de positionner le Maroc sur la carte du design international. <em>\u00abCes talks ont \u00e9t\u00e9 l\u2019occasion de soulever la question de la perception des m\u00e9tiers cr\u00e9atifs et des obstacles symboliques, juridiques, \u00e9conomiques et techniques qui sont \u00e0 prendre en compte dans l\u2019\u00e9laboration des processus cr\u00e9atifs\u00bb,<\/em> explique-t-on. <span class=\"Apple-converted-space\">\u00a0<\/span> Toujours dans le cadre d\u2019\u00e9change et de partage, le programme comprend \u00abI-Story\u2013Hikayates\u00bb. Il accueillera des conf\u00e9renciers qui pr\u00e9senteront leurs actions et leurs visions. Pour noter, le collectif Houna est con\u00e7u comme une plate-forme collaborative. Il s\u2019ouvre \u00e0 toutes les approches et les pratiques artistiques se rapportant au design et \u00e0 l\u2019innovation. Il est pens\u00e9, en effet, comme un incubateur favorisant les rencontres, les \u00e9changes et la coop\u00e9ration entre designers innovants, chercheurs et entrepreneurs. L\u2019objectif \u00e9tant d\u2019appuyer les designers dans leurs cr\u00e9ations, \u00e0 travers des formations th\u00e9oriques et pratiques ainsi que la mise en place d\u2019une r\u00e9sidence offrant un cadre stimulant \u00e0 la r\u00e9alisation de leurs projets. Ce collectif organise \u00e9galement des \u00e9v\u00e8nements nationaux et internationaux autour du design, dont des conf\u00e9rences et des workshops portant sur l\u2019innovation et la cr\u00e9ation.<\/p>\n<p>Auteur: Siham Jadraoui<br \/>\n<a href=\"http:\/\/aujourdhui.ma\/culture\/casablanca-design-week-une-2eme-edition-qui-celebre-le-patrimoine-culturel-marocain\">Cliquez ici pour lire l&rsquo;article depuis sa source.<\/a><\/p>\n","protected":false},"excerpt":{"rendered":"<p>Elle r\u00e9unit une soixantaine d\u2019artistes, designers reconnus et jeunes talents \u00e9mergents Les organisateurs ont concoct\u00e9 un programme riche en cr\u00e9ations et r\u00e9flexions.\u00a0Il propose une exposition nationale et internationale. Le collectif Houna organise la deuxi\u00e8me \u00e9dition de la Casablanca Design Week.\u00a0 Pr\u00e9vue du 24\u00a0 au 30 septembre, cette manifestation investira plusieurs espaces embl\u00e9matiques de la ville [&hellip;]<\/p>\n","protected":false},"author":1759,"featured_media":0,"comment_status":"closed","ping_status":"closed","sticky":false,"template":"","format":"standard","meta":{"fifu_image_url":"","fifu_image_alt":"","footnotes":""},"categories":[73,54],"tags":[],"class_list":["post-61599","post","type-post","status-publish","format-standard","hentry","category-actualite","category-maroc"],"_links":{"self":[{"href":"https:\/\/linitiative.ca\/International\/wp-json\/wp\/v2\/posts\/61599","targetHints":{"allow":["GET"]}}],"collection":[{"href":"https:\/\/linitiative.ca\/International\/wp-json\/wp\/v2\/posts"}],"about":[{"href":"https:\/\/linitiative.ca\/International\/wp-json\/wp\/v2\/types\/post"}],"author":[{"embeddable":true,"href":"https:\/\/linitiative.ca\/International\/wp-json\/wp\/v2\/users\/1759"}],"replies":[{"embeddable":true,"href":"https:\/\/linitiative.ca\/International\/wp-json\/wp\/v2\/comments?post=61599"}],"version-history":[{"count":0,"href":"https:\/\/linitiative.ca\/International\/wp-json\/wp\/v2\/posts\/61599\/revisions"}],"wp:attachment":[{"href":"https:\/\/linitiative.ca\/International\/wp-json\/wp\/v2\/media?parent=61599"}],"wp:term":[{"taxonomy":"category","embeddable":true,"href":"https:\/\/linitiative.ca\/International\/wp-json\/wp\/v2\/categories?post=61599"},{"taxonomy":"post_tag","embeddable":true,"href":"https:\/\/linitiative.ca\/International\/wp-json\/wp\/v2\/tags?post=61599"}],"curies":[{"name":"wp","href":"https:\/\/api.w.org\/{rel}","templated":true}]}}