{"id":61601,"date":"2019-09-19T09:53:43","date_gmt":"2019-09-19T13:53:43","guid":{"rendered":"https:\/\/linitiative.ca\/International\/asilah-un-nouvel-espace-pour-scolariser-pres-de-70-eleves-handicapes-mentaux\/"},"modified":"2019-09-19T09:53:43","modified_gmt":"2019-09-19T13:53:43","slug":"asilah-un-nouvel-espace-pour-scolariser-pres-de-70-eleves-handicapes-mentaux","status":"publish","type":"post","link":"https:\/\/linitiative.ca\/International\/asilah-un-nouvel-espace-pour-scolariser-pres-de-70-eleves-handicapes-mentaux\/","title":{"rendered":"Asilah : Un nouvel espace pour scolariser pr\u00e8s de 70 \u00e9l\u00e8ves handicap\u00e9s mentaux"},"content":{"rendered":"<p><img decoding=\"async\" class=\"post_layout_5_img\" src=\"http:\/\/aujourdhui.ma\/wp-content\/uploads\/2019\/09\/Asilah-e%CC%81le%CC%80ves-handicape%CC%81s-mentaux.jpg?x29840\" alt=\"Asilah : Un nouvel espace pour scolariser pr\u00e8s de 70 \u00e9l\u00e8ves handicap\u00e9s mentaux\"\/><\/p>\n<p class=\"p1\"><span class=\"c5\"><strong><span class=\"c4\"><em>Il comporte quatre classes, dont deux destin\u00e9es \u00e0 accueillir des enfants autistes<\/em><\/span><\/strong><\/span><span id=\"more-318282\"\/><\/p>\n<div class=\"base-box mom_box_sc_custom mom_box_sc clear c6\" readability=\"10\">\n<p class=\"p1\"><strong><em>L\u2019INDH a contribu\u00e9 \u00e0 l\u2019agrandissement de ce centre, avec une enveloppe budg\u00e9taire de 200.000 dirhams, dont 175.000 DH destin\u00e9s \u00e0 assurer l\u2019am\u00e9nagement et l\u2019\u00e9quipement\u00a0<\/em><\/strong><em><strong>de ce projet.<\/strong><\/em><\/p>\n<\/div>\n<p class=\"p1\">A l\u2019occasion de la rentr\u00e9e scolaire 2019-2020, Bayt Asilah vient d\u2019inaugurer son nouvel espace consacr\u00e9 \u00e0 la scolarisation des \u00e9l\u00e8ves en situation de handicap mental et \u00e2g\u00e9s entre 4 et 25 ans. \u00ab<em>Nous avons r\u00e9ussi, gr\u00e2ce au soutien de l\u2019Initiative nationale pour le d\u00e9veloppement humain (INDH), \u00e0 d\u00e9velopper notre projet pour accueillir plus d\u2019enfants et jeunes n\u00e9cessitant une scolarisation et un accompagnement bien appropri\u00e9s. C\u2019est un espace spacieux, a\u00e9r\u00e9 et bien \u00e9quip\u00e9 conform\u00e9ment aux normes exig\u00e9es pour ces cas d\u2019\u00e9l\u00e8ves. Nous cherchons \u00e0 faire d\u2019eux des personnes autonomes \u00e0 m\u00eame d\u2019all\u00e9ger le fardeau sur les familles. Beaucoup d\u2019entre eux font preuve de cr\u00e9ativit\u00e9 et d\u2019un grand talent dans le dessin, la peinture, la photo,\u2026 Nous nous devons de les aider \u00e0 les d\u00e9velopper\u00bb,<\/em> a affirm\u00e9 le pr\u00e9sident de Bayt Asilah Tarik Tligui.<\/p>\n<p class=\"p1\">Pr\u00e8s de deux ans apr\u00e8s sa cr\u00e9ation, Bayt Asilah vient de d\u00e9placer ses activit\u00e9s dans un nouveau si\u00e8ge de pr\u00e8s de 300 m<sup>2<\/sup>, dont la majeure partie a \u00e9t\u00e9 am\u00e9nag\u00e9e pour accueillir ce projet initi\u00e9 lors de la pr\u00e9c\u00e9dente rentr\u00e9e scolaire par un groupe de jeunes fondateurs et de sympathisants de cette association. Lanc\u00e9e il y a plus de deux mois, la phase d\u2019inscription (au titre de la saison 2019-2020) a enregistr\u00e9 jusqu\u2019\u00e0 mi-septembre plus 70 enfants et jeunes en situation de handicap mental. Le nombre d\u00e9finitif d\u2019\u00e9l\u00e8ves b\u00e9n\u00e9ficiaires sera r\u00e9parti sur quatre classes, dont deux seront destin\u00e9es \u00e0 accueillir ceux souffrant d\u2019autisme. Il comporte \u00e9galement une salle de soins et d\u2019intervention en cas d\u2019urgence ainsi que des espaces r\u00e9serv\u00e9s aux jeux et des services administratifs. Quelque 16 jeunes sont mobilis\u00e9s pour assurer l\u2019encadrement et l\u2019animation de ces quatre classes. Ils ont \u00e9t\u00e9 form\u00e9s par des responsables de l\u2019association Assadaka de Tanger, et ce dans le cadre d\u2019un accord de partenariat la liant \u00e0 Bayt Asilah.<\/p>\n<p class=\"p1\">Il est \u00e0 noter que l\u2019INDH a contribu\u00e9 \u00e0 l\u2019agrandissement de ce centre, avec une enveloppe budg\u00e9taire de 200.000 dirhams, dont 175.000 DH destin\u00e9s \u00e0 assurer l\u2019am\u00e9nagement et l\u2019\u00e9quipement de ce projet. Pour la bonne marche de ce projet, <em>\u00abnous continuons de mobiliser tous nos efforts pour sceller de nouveaux partenariats avec les parties concern\u00e9es. Nous avons proc\u00e9d\u00e9 au d\u00e9p\u00f4t de notre dossier aupr\u00e8s de l\u2019INDH pour un montant de 100.000 dirhams et un autre aupr\u00e8s de l\u2019Entraide nationale pour obtenir l\u2019aide financi\u00e8re pour couvrir la masse salariale au profit de tout le personnel du centre\u00bb<\/em>, selon les responsables en charge de ce projet.<\/p>\n<p class=\"p1\">Cr\u00e9\u00e9e en janvier 2018, Bayt Asilah est constitu\u00e9e dans sa majorit\u00e9 des membres ayant \u0153uvr\u00e9 depuis plusieurs ann\u00e9es dans le domaine social. Son objectif principal est de promouvoir les activit\u00e9s sociales et culturelles de la ville blanche.<\/p>\n<p>Auteur: Najat Fa\u00efssal<br \/>\n<a href=\"http:\/\/aujourdhui.ma\/societe\/asilah-un-nouvel-espace-pour-scolariser-pres-de-70-eleves-handicapes-mentaux\">Cliquez ici pour lire l&rsquo;article depuis sa source.<\/a><\/p>\n","protected":false},"excerpt":{"rendered":"<p>Il comporte quatre classes, dont deux destin\u00e9es \u00e0 accueillir des enfants autistes L\u2019INDH a contribu\u00e9 \u00e0 l\u2019agrandissement de ce centre, avec une enveloppe budg\u00e9taire de 200.000 dirhams, dont 175.000 DH destin\u00e9s \u00e0 assurer l\u2019am\u00e9nagement et l\u2019\u00e9quipement\u00a0de ce projet. A l\u2019occasion de la rentr\u00e9e scolaire 2019-2020, Bayt Asilah vient d\u2019inaugurer son nouvel espace consacr\u00e9 \u00e0 la [&hellip;]<\/p>\n","protected":false},"author":1759,"featured_media":0,"comment_status":"closed","ping_status":"closed","sticky":false,"template":"","format":"standard","meta":{"fifu_image_url":"","fifu_image_alt":"","footnotes":""},"categories":[73,54],"tags":[],"class_list":["post-61601","post","type-post","status-publish","format-standard","hentry","category-actualite","category-maroc"],"_links":{"self":[{"href":"https:\/\/linitiative.ca\/International\/wp-json\/wp\/v2\/posts\/61601","targetHints":{"allow":["GET"]}}],"collection":[{"href":"https:\/\/linitiative.ca\/International\/wp-json\/wp\/v2\/posts"}],"about":[{"href":"https:\/\/linitiative.ca\/International\/wp-json\/wp\/v2\/types\/post"}],"author":[{"embeddable":true,"href":"https:\/\/linitiative.ca\/International\/wp-json\/wp\/v2\/users\/1759"}],"replies":[{"embeddable":true,"href":"https:\/\/linitiative.ca\/International\/wp-json\/wp\/v2\/comments?post=61601"}],"version-history":[{"count":0,"href":"https:\/\/linitiative.ca\/International\/wp-json\/wp\/v2\/posts\/61601\/revisions"}],"wp:attachment":[{"href":"https:\/\/linitiative.ca\/International\/wp-json\/wp\/v2\/media?parent=61601"}],"wp:term":[{"taxonomy":"category","embeddable":true,"href":"https:\/\/linitiative.ca\/International\/wp-json\/wp\/v2\/categories?post=61601"},{"taxonomy":"post_tag","embeddable":true,"href":"https:\/\/linitiative.ca\/International\/wp-json\/wp\/v2\/tags?post=61601"}],"curies":[{"name":"wp","href":"https:\/\/api.w.org\/{rel}","templated":true}]}}