{"id":61608,"date":"2019-09-19T09:03:46","date_gmt":"2019-09-19T13:03:46","guid":{"rendered":"https:\/\/linitiative.ca\/International\/hausse-des-couts-de-production-les-professionnels-du-secteur-des-volailles-protestent\/"},"modified":"2019-09-19T09:03:46","modified_gmt":"2019-09-19T13:03:46","slug":"hausse-des-couts-de-production-les-professionnels-du-secteur-des-volailles-protestent","status":"publish","type":"post","link":"https:\/\/linitiative.ca\/International\/hausse-des-couts-de-production-les-professionnels-du-secteur-des-volailles-protestent\/","title":{"rendered":"Hausse des co\u00fbts de production : Les professionnels du secteur des volailles protestent"},"content":{"rendered":"<p>Les professionnels du secteur des volailles observent, aujourd\u2019hui, un mouvement de protestation devant le minist\u00e8re de l\u2019agriculture.<\/p>\n<p>Les professionnels comptent protester contre la hausse des co\u00fbts de production des volailles et la baisse des prix de vente, a indiqu\u00e9, mercredi, le pr\u00e9sident de la chambre des volailles relevant du Syndicat des agriculteurs de Tunisie (SYNAGRI) Wassim Boukris.<\/p>\n<p>\u00bb Nous appelons le gouvernement \u00e0 intervenir afin de r\u00e9gulariser les prix de vente des volailles et all\u00e9ger le co\u00fbt de production support\u00e9 par les \u00e9leveurs \u00ab , a-t-il poursuivi.<\/p>\n<p>Il a soulign\u00e9 l\u2019importance de redynamiser le r\u00f4le du groupement interprofessionnel des produits avicoles et cunicoles en renfor\u00e7ant son ind\u00e9pendance par rapport aux minist\u00e8res de l\u2019Agriculture et du commerce.<\/p>\n<p>Il s\u2019agit \u00e9galement d\u2019inciter les fournisseurs de volailles \u00e0 r\u00e9viser les prix \u00e0 la lumi\u00e8re de la baisse enregistr\u00e9e sur le march\u00e9 international.<\/p>\n<p>Boukris a pr\u00e9cis\u00e9 que les quantit\u00e9s de viandes mises sur le march\u00e9 s\u2019\u00e9l\u00e8vent \u00e0 12 mille tonnes par mois alors que la moyenne de consommation nationale est estim\u00e9e \u00e0 pr\u00e8s de 10 mille 500 tonnes, soit un exc\u00e9dent de 1500 tonnes.<\/p>\n<p>La moyenne du prix d\u2019un \u0153uf s\u2019\u00e9l\u00e8ve \u00e0 pr\u00e8s de 0,170 dinars alors que son co\u00fbt est de plus de 0,200 dinars, sachant que la moyenne du prix d\u2019un kg de viande de poulet est de pr\u00e8s de 2,950 dinars contre un co\u00fbt de pr\u00e8s de 3,350 d.<\/p>\n<p>Le secteur des volailles en Tunisie compte 1650 \u00e9leveurs de poulets de pondaison et 2600 \u00e9leveurs de poulet de chair, fournissant pr\u00e8s de 100 mille emplois.<\/p>\n<p class=\"dpsp-share-text\">Partager c&rsquo;est aimer!<\/p>\n<div class=\"wp-post-author-wrap wp-post-author-shortcode left\">\n<h3 class=\"awpa-title\"\/>\n<div class=\"wp-post-author\">\n<div class=\"awpa-img awpa-author-block square\"><a href=\"http:\/\/lexpertjournal.net\/fr\/author\/expert\/\"><img loading=\"lazy\" decoding=\"async\" alt=\"\" src=\"http:\/\/2.gravatar.com\/avatar\/56d99be2a6f97af88ccb49fada637fcd?s=150&#038;d=mm&#038;r=g\" srcset=\"http:\/\/2.gravatar.com\/avatar\/56d99be2a6f97af88ccb49fada637fcd?s=300&#038;d=mm&#038;r=g 2x\" class=\"avatar avatar-150 photo\" height=\"150\" width=\"150\"\/><\/a><\/div>\n<\/div>\n<\/div>\n<p>Auteur: L&rsquo;expert<br \/>\n<a href=\"http:\/\/lexpertjournal.net\/fr\/2019\/09\/19\/hausse-des-couts-de-production-les-professionnels-du-secteur-des-volailles-protestent\/\">Cliquez ici pour lire l&rsquo;article depuis sa source.<\/a><\/p>\n","protected":false},"excerpt":{"rendered":"<p>Les professionnels du secteur des volailles observent, aujourd\u2019hui, un mouvement de protestation devant le minist\u00e8re de l\u2019agriculture. Les professionnels comptent protester contre la hausse des co\u00fbts de production des volailles et la baisse des prix de vente, a indiqu\u00e9, mercredi, le pr\u00e9sident de la chambre des volailles relevant du Syndicat des agriculteurs de Tunisie (SYNAGRI) [&hellip;]<\/p>\n","protected":false},"author":1775,"featured_media":0,"comment_status":"closed","ping_status":"closed","sticky":false,"template":"","format":"standard","meta":{"fifu_image_url":"","fifu_image_alt":"","footnotes":""},"categories":[78,55],"tags":[],"class_list":["post-61608","post","type-post","status-publish","format-standard","hentry","category-economie","category-tunisie"],"_links":{"self":[{"href":"https:\/\/linitiative.ca\/International\/wp-json\/wp\/v2\/posts\/61608","targetHints":{"allow":["GET"]}}],"collection":[{"href":"https:\/\/linitiative.ca\/International\/wp-json\/wp\/v2\/posts"}],"about":[{"href":"https:\/\/linitiative.ca\/International\/wp-json\/wp\/v2\/types\/post"}],"author":[{"embeddable":true,"href":"https:\/\/linitiative.ca\/International\/wp-json\/wp\/v2\/users\/1775"}],"replies":[{"embeddable":true,"href":"https:\/\/linitiative.ca\/International\/wp-json\/wp\/v2\/comments?post=61608"}],"version-history":[{"count":0,"href":"https:\/\/linitiative.ca\/International\/wp-json\/wp\/v2\/posts\/61608\/revisions"}],"wp:attachment":[{"href":"https:\/\/linitiative.ca\/International\/wp-json\/wp\/v2\/media?parent=61608"}],"wp:term":[{"taxonomy":"category","embeddable":true,"href":"https:\/\/linitiative.ca\/International\/wp-json\/wp\/v2\/categories?post=61608"},{"taxonomy":"post_tag","embeddable":true,"href":"https:\/\/linitiative.ca\/International\/wp-json\/wp\/v2\/tags?post=61608"}],"curies":[{"name":"wp","href":"https:\/\/api.w.org\/{rel}","templated":true}]}}