{"id":61609,"date":"2019-09-19T09:08:24","date_gmt":"2019-09-19T13:08:24","guid":{"rendered":"https:\/\/linitiative.ca\/International\/retrait-de-la-liste-des-juridictions-sous-surveillance-la-tunisie-espere-une-decision-positive-du-gafi\/"},"modified":"2019-09-19T09:08:24","modified_gmt":"2019-09-19T13:08:24","slug":"retrait-de-la-liste-des-juridictions-sous-surveillance-la-tunisie-espere-une-decision-positive-du-gafi","status":"publish","type":"post","link":"https:\/\/linitiative.ca\/International\/retrait-de-la-liste-des-juridictions-sous-surveillance-la-tunisie-espere-une-decision-positive-du-gafi\/","title":{"rendered":"Retrait de la liste des juridictions sous surveillance :  La Tunisie esp\u00e8re une d\u00e9cision positive du GAFI"},"content":{"rendered":"<p>La Tunisie esp\u00e8re une d\u00e9cision positive lui permettant de sortir d\u00e9finitivement, de la liste des pays soumis \u00e0 la surveillance du GAFI, lors de l\u2019assembl\u00e9e g\u00e9n\u00e9rale de cette institution pr\u00e9vue du 13 au 18 octobre 2019 \u00e0 Paris, a indiqu\u00e9 la CTAF dans un communiqu\u00e9 publi\u00e9 mercredi soir.<\/p>\n<p>\u00ab La Tunisie a achev\u00e9 son plan d\u2019action relatif \u00e0 la question et les experts du Gafi en visite en Tunisie les 16 et 17 septembre 2019, ont pu v\u00e9rifier les r\u00e9formes r\u00e9alis\u00e9es en mati\u00e8re de lutte contre le blanchiment d\u2019argent et le financement du terrorisme et s\u2019assurer de l\u2019engagement \u00e0 les poursuivre \u00bb, lit-on dans le m\u00eame communiqu\u00e9.<\/p>\n<p>Une \u00e9quipe d\u2019experts du Groupe d\u2019action financi\u00e8re pour le Moyen-Orient et l\u2019Afrique du Nord (MENA) a effectu\u00e9 les 16 et 17 septembre 2019, une visite en Tunisie o\u00f9 elle a assist\u00e9 \u00e0 une r\u00e9union avec de hauts responsables de l\u2019Etat tunisien.<\/p>\n<p>Cette r\u00e9union a \u00e9t\u00e9 pr\u00e9sid\u00e9e par le gouverneur de la Banque centrale et le pr\u00e9sident de la CTAF en pr\u00e9sence des ministres de la Justice et des Finances et du ministre conseiller aupr\u00e8s du Chef du gouvernement charg\u00e9 de la R\u00e9forme fiscale et du secr\u00e9taire g\u00e9n\u00e9ral de la CTAF.<\/p>\n<p>Suite \u00e0 cette r\u00e9union, les experts du GAFI ont rencontr\u00e9 des repr\u00e9sentants des minist\u00e8res, autorit\u00e9s et administrations concern\u00e9es et des instances de contr\u00f4le des professions financi\u00e8res et non financi\u00e8res ainsi que des professionnels et des cadres de banques, d\u2019institutions financi\u00e8res, de compagnies d\u2019assurance et de professions non financi\u00e8res d\u00e9sign\u00e9es.<\/p>\n<p>Le 17 septembre courant, deuxi\u00e8me jour de la visite, l\u2019\u00e9quipe du GAFI s\u2019est r\u00e9unie avec des repr\u00e9sentants de la Commission nationale de lutte contre le terrorisme et de la CTAF. \u00ab Toutes ces r\u00e9unions se sont d\u00e9roul\u00e9es dans de bonnes conditions \u00bb, a encore indiqu\u00e9 la CTAF.<\/p>\n<p>Suite \u00e0 cette visite, l\u2019\u00e9quipe d\u2019experts \u00e9laborera son rapport final qui sera soumis au Groupe d\u2019examen de la coop\u00e9ration internationale, avant de transf\u00e9rer ses conclusions \u00e0 l\u2019assembl\u00e9e g\u00e9n\u00e9rale du GAFI, pr\u00e9vue du 13 au 18 octobre 2018 \u00e0 Paris, pour statuer sur la question du retrait de la Tunisie de la liste du GAFI.<\/p>\n<p class=\"dpsp-share-text\">Partager c&rsquo;est aimer!<\/p>\n<div class=\"wp-post-author-wrap wp-post-author-shortcode left\">\n<h3 class=\"awpa-title\"\/>\n<div class=\"wp-post-author\">\n<div class=\"awpa-img awpa-author-block square\"><a href=\"http:\/\/lexpertjournal.net\/fr\/author\/expert\/\"><img loading=\"lazy\" decoding=\"async\" alt=\"\" src=\"http:\/\/2.gravatar.com\/avatar\/56d99be2a6f97af88ccb49fada637fcd?s=150&#038;d=mm&#038;r=g\" srcset=\"http:\/\/2.gravatar.com\/avatar\/56d99be2a6f97af88ccb49fada637fcd?s=300&#038;d=mm&#038;r=g 2x\" class=\"avatar avatar-150 photo\" height=\"150\" width=\"150\"\/><\/a><\/div>\n<\/div>\n<\/div>\n<p>Auteur: L&rsquo;expert<br \/>\n<a href=\"http:\/\/lexpertjournal.net\/fr\/2019\/09\/19\/retrait-de-la-liste-des-juridictions-sous-surveillance-la-tunisie-espere-une-decision-positive-du-gafi\/\">Cliquez ici pour lire l&rsquo;article depuis sa source.<\/a><\/p>\n","protected":false},"excerpt":{"rendered":"<p>La Tunisie esp\u00e8re une d\u00e9cision positive lui permettant de sortir d\u00e9finitivement, de la liste des pays soumis \u00e0 la surveillance du GAFI, lors de l\u2019assembl\u00e9e g\u00e9n\u00e9rale de cette institution pr\u00e9vue du 13 au 18 octobre 2019 \u00e0 Paris, a indiqu\u00e9 la CTAF dans un communiqu\u00e9 publi\u00e9 mercredi soir. \u00ab La Tunisie a achev\u00e9 son plan [&hellip;]<\/p>\n","protected":false},"author":1775,"featured_media":0,"comment_status":"closed","ping_status":"closed","sticky":false,"template":"","format":"standard","meta":{"fifu_image_url":"","fifu_image_alt":"","footnotes":""},"categories":[78,55],"tags":[],"class_list":["post-61609","post","type-post","status-publish","format-standard","hentry","category-economie","category-tunisie"],"_links":{"self":[{"href":"https:\/\/linitiative.ca\/International\/wp-json\/wp\/v2\/posts\/61609","targetHints":{"allow":["GET"]}}],"collection":[{"href":"https:\/\/linitiative.ca\/International\/wp-json\/wp\/v2\/posts"}],"about":[{"href":"https:\/\/linitiative.ca\/International\/wp-json\/wp\/v2\/types\/post"}],"author":[{"embeddable":true,"href":"https:\/\/linitiative.ca\/International\/wp-json\/wp\/v2\/users\/1775"}],"replies":[{"embeddable":true,"href":"https:\/\/linitiative.ca\/International\/wp-json\/wp\/v2\/comments?post=61609"}],"version-history":[{"count":0,"href":"https:\/\/linitiative.ca\/International\/wp-json\/wp\/v2\/posts\/61609\/revisions"}],"wp:attachment":[{"href":"https:\/\/linitiative.ca\/International\/wp-json\/wp\/v2\/media?parent=61609"}],"wp:term":[{"taxonomy":"category","embeddable":true,"href":"https:\/\/linitiative.ca\/International\/wp-json\/wp\/v2\/categories?post=61609"},{"taxonomy":"post_tag","embeddable":true,"href":"https:\/\/linitiative.ca\/International\/wp-json\/wp\/v2\/tags?post=61609"}],"curies":[{"name":"wp","href":"https:\/\/api.w.org\/{rel}","templated":true}]}}