{"id":61610,"date":"2019-09-19T09:09:50","date_gmt":"2019-09-19T13:09:50","guid":{"rendered":"https:\/\/linitiative.ca\/International\/reserves-en-devises-augmentation-a-103-jours-dimportation\/"},"modified":"2019-09-19T09:09:50","modified_gmt":"2019-09-19T13:09:50","slug":"reserves-en-devises-augmentation-a-103-jours-dimportation","status":"publish","type":"post","link":"https:\/\/linitiative.ca\/International\/reserves-en-devises-augmentation-a-103-jours-dimportation\/","title":{"rendered":"R\u00e9serves en devises : Augmentation \u00e0 103 jours d\u2019importation"},"content":{"rendered":"<p>Les r\u00e9serves en devises poursuivent leur augmentation, selon la derni\u00e8re mise \u00e0 jour de la BCT. Elles se sont \u00e9tablies \u00e0 103 jours d\u2019importation soit 18327 MDT.<\/p>\n<p>Le volume global de refinancement, jusqu\u2019au 18 septembre courant, s\u2019est \u00e9tabli \u00e0 13.080 MDT.<\/p>\n<p class=\"dpsp-share-text\">Partager c&rsquo;est aimer!<\/p>\n<div class=\"wp-post-author-wrap wp-post-author-shortcode left\">\n<h3 class=\"awpa-title\"\/>\n<div class=\"wp-post-author\">\n<div class=\"awpa-img awpa-author-block square\"><a href=\"http:\/\/lexpertjournal.net\/fr\/author\/expert\/\"><img loading=\"lazy\" decoding=\"async\" alt=\"\" src=\"http:\/\/2.gravatar.com\/avatar\/56d99be2a6f97af88ccb49fada637fcd?s=150&#038;d=mm&#038;r=g\" srcset=\"http:\/\/2.gravatar.com\/avatar\/56d99be2a6f97af88ccb49fada637fcd?s=300&#038;d=mm&#038;r=g 2x\" class=\"avatar avatar-150 photo\" height=\"150\" width=\"150\"\/><\/a><\/div>\n<\/div>\n<\/div>\n<p>Auteur: L&rsquo;expert<br \/>\n<a href=\"http:\/\/lexpertjournal.net\/fr\/2019\/09\/19\/reserves-en-devises-augmentation-a-103-jours-dimportation\/\">Cliquez ici pour lire l&rsquo;article depuis sa source.<\/a><\/p>\n","protected":false},"excerpt":{"rendered":"<p>Les r\u00e9serves en devises poursuivent leur augmentation, selon la derni\u00e8re mise \u00e0 jour de la BCT. Elles se sont \u00e9tablies \u00e0 103 jours d\u2019importation soit 18327 MDT. Le volume global de refinancement, jusqu\u2019au 18 septembre courant, s\u2019est \u00e9tabli \u00e0 13.080 MDT. Partager c&rsquo;est aimer! Auteur: L&rsquo;expert Cliquez ici pour lire l&rsquo;article depuis sa source.<\/p>\n","protected":false},"author":1775,"featured_media":0,"comment_status":"closed","ping_status":"closed","sticky":false,"template":"","format":"standard","meta":{"fifu_image_url":"","fifu_image_alt":"","footnotes":""},"categories":[78,55],"tags":[],"class_list":["post-61610","post","type-post","status-publish","format-standard","hentry","category-economie","category-tunisie"],"_links":{"self":[{"href":"https:\/\/linitiative.ca\/International\/wp-json\/wp\/v2\/posts\/61610","targetHints":{"allow":["GET"]}}],"collection":[{"href":"https:\/\/linitiative.ca\/International\/wp-json\/wp\/v2\/posts"}],"about":[{"href":"https:\/\/linitiative.ca\/International\/wp-json\/wp\/v2\/types\/post"}],"author":[{"embeddable":true,"href":"https:\/\/linitiative.ca\/International\/wp-json\/wp\/v2\/users\/1775"}],"replies":[{"embeddable":true,"href":"https:\/\/linitiative.ca\/International\/wp-json\/wp\/v2\/comments?post=61610"}],"version-history":[{"count":0,"href":"https:\/\/linitiative.ca\/International\/wp-json\/wp\/v2\/posts\/61610\/revisions"}],"wp:attachment":[{"href":"https:\/\/linitiative.ca\/International\/wp-json\/wp\/v2\/media?parent=61610"}],"wp:term":[{"taxonomy":"category","embeddable":true,"href":"https:\/\/linitiative.ca\/International\/wp-json\/wp\/v2\/categories?post=61610"},{"taxonomy":"post_tag","embeddable":true,"href":"https:\/\/linitiative.ca\/International\/wp-json\/wp\/v2\/tags?post=61610"}],"curies":[{"name":"wp","href":"https:\/\/api.w.org\/{rel}","templated":true}]}}