{"id":61611,"date":"2019-09-19T13:04:14","date_gmt":"2019-09-19T17:04:14","guid":{"rendered":"https:\/\/linitiative.ca\/International\/la-5e-edition-de-la-semaine-culturelle-sud-coreenne-du-22-au-28-septembre\/"},"modified":"2019-09-19T13:04:14","modified_gmt":"2019-09-19T17:04:14","slug":"la-5e-edition-de-la-semaine-culturelle-sud-coreenne-du-22-au-28-septembre","status":"publish","type":"post","link":"https:\/\/linitiative.ca\/International\/la-5e-edition-de-la-semaine-culturelle-sud-coreenne-du-22-au-28-septembre\/","title":{"rendered":"La 5\u00e8 \u00e9dition de la semaine culturelle sud-cor\u00e9enne du 22 au 28 septembre"},"content":{"rendered":"<div>\n<div class=\"K2FeedImage\"><img decoding=\"async\" src=\"http:\/\/www.aps.dz\/media\/k2\/items\/cache\/9ed356d8c38399ce4bdd8663cd6b020f_S.jpg\" alt=\"La 5\u00e8 \u00e9dition de la semaine culturelle sud-cor\u00e9enne du 22 au 28 septembre\"><\/div>\n<div class=\"K2FeedIntroText\">\n<p><strong>ALGER- La 5\u00e8 \u00e9dition de la semaine culturelle sud-cor\u00e9enne se tiendra du 22 au 28 septembre en cours \u00e0 Alger, avec au menu plusieurs activit\u00e9s se rapportant \u00e0 la gastronomie, la culture, la\u00a0calligraphie, la musique, le cin\u00e9ma, et le sport, a fait savoir, mercredi \u00e0 Alger, l&rsquo;ambassadeur de la Cor\u00e9e du Sud \u00e0 Alger, Lee Eun-Yung.<\/strong><\/p>\n<\/div>\n<div class=\"K2FeedFullText\">\n<p>Le coup d&rsquo;envoi de cette \u00e9dition sera donn\u00e9 \u00e0 la r\u00e9sidence de l&rsquo;ambassadeur sur les hauteurs de la capitale o\u00f9 plusieurs activit\u00e9s de gastronomie sont pr\u00e9vues afin de mettre en valeur \u00ab\u00a0la richesse et la\u00a0diversit\u00e9\u00a0\u00bb de la cuisine sud-cor\u00e9enne.<\/p>\n<p>Le 23 septembre verra l&rsquo;organisation de la 5\u00e8 session du concours de la langue cor\u00e9enne avec la participation d&rsquo;\u00e9tudiants alg\u00e9riens sur des th\u00e8mes relatifs <em><strong>\u00ab\u00a0aux similitudes et diff\u00e9rences entre les deux cultures, alg\u00e9rienne et cor\u00e9enne\u00a0\u00bb.<\/strong><\/em><\/p>\n<p>La 3\u00e8me journ\u00e9e de cette semaine sera marqu\u00e9e par un concert de la musique classique qui sera organis\u00e9 \u00e0 la salle Ibn Khaldoune et anim\u00e9e par l&rsquo;orchestre symphonique des jeunes de la ville de Busan (Sud-Est), dirig\u00e9 par le maestro Lee Myung Kyun, en pr\u00e9sentant un programme <strong>\u00ab\u00a0riche et vari\u00e9\u00a0\u00bb<\/strong>\u00a0de la musique classique et moderne, tir\u00e9 des deux r\u00e9pertoires, cor\u00e9en et europ\u00e9en.<\/p>\n<p>En ce qui concerne le 7\u00e8 art, plusieurs films sud-cor\u00e9ens sont programm\u00e9s le 25 septembre \u00e0 la salle Ibn Khaldoune, \u00e0 l&rsquo;instar du film biographique \u00ab\u00a0Anarchist From Colony\u00a0\u00bb (2017), de son r\u00e9alisateur Lee Joon-ik, et celui de \u00ab\u00a0Detective Ka\u00a0\u00bb (2015), r\u00e9alis\u00e9 par Kim Sok-yun.<\/p>\n<p>La cl\u00f4ture de cette semaine sera marqu\u00e9e par l&rsquo;organisation d&rsquo;un tournoi sportif de Taekwondo \u00e0 la salle multisports \u00ab\u00a0<em><strong>Harcha Hassan\u00a0\u00bb.<\/strong><\/em><\/p>\n<p>Dans ce cadre, l&rsquo;ambassadeur de la Cor\u00e9e du Sud s&rsquo;est r\u00e9jouit \u00ab\u00a0des relations multisectorielles\u00a0\u00bb entre son pays et l&rsquo;Alg\u00e9rie, qui ne cessent de s&rsquo;intensifier et de s&rsquo;\u00e9largir au cours des derni\u00e8res ann\u00e9es\u00a0\u00bb, rappelant, en particulier, le volet \u00e9conomique, notamment le volume de l&rsquo;\u00e9change commercial entre les deux pays qui a atteint en 2018 pr\u00e8s de 2.5 milliards de dollars\u00a0\u00bb. Il a aussi estim\u00e9 que la semaine sud-cor\u00e9enne en Alg\u00e9rie jouait un r\u00f4le important dans le raffermissement des relations d&rsquo;amiti\u00e9 et\u00a0de coop\u00e9ration bilat\u00e9rale\u00a0\u00bb.<\/p>\n<\/div>\n<\/div>\n<p>Auteur:<br \/>\n<a href=\"http:\/\/www.aps.dz\/culture\/94578-la-5e-edition-de-la-semaine-culturelle-sud-coreenne-du-22-au-28-septembre\">Cliquez ici pour lire l&rsquo;article depuis sa source.<\/a><\/p>\n","protected":false},"excerpt":{"rendered":"<p>ALGER- La 5\u00e8 \u00e9dition de la semaine culturelle sud-cor\u00e9enne se tiendra du 22 au 28 septembre en cours \u00e0 Alger, avec au menu plusieurs activit\u00e9s se rapportant \u00e0 la gastronomie, la culture, la\u00a0calligraphie, la musique, le cin\u00e9ma, et le sport, a fait savoir, mercredi \u00e0 Alger, l&rsquo;ambassadeur de la Cor\u00e9e du Sud \u00e0 Alger, Lee [&hellip;]<\/p>\n","protected":false},"author":1790,"featured_media":61612,"comment_status":"closed","ping_status":"closed","sticky":false,"template":"","format":"standard","meta":{"fifu_image_url":"","fifu_image_alt":"","footnotes":""},"categories":[53,79],"tags":[],"class_list":["post-61611","post","type-post","status-publish","format-standard","has-post-thumbnail","hentry","category-algerie","category-culture"],"_links":{"self":[{"href":"https:\/\/linitiative.ca\/International\/wp-json\/wp\/v2\/posts\/61611","targetHints":{"allow":["GET"]}}],"collection":[{"href":"https:\/\/linitiative.ca\/International\/wp-json\/wp\/v2\/posts"}],"about":[{"href":"https:\/\/linitiative.ca\/International\/wp-json\/wp\/v2\/types\/post"}],"author":[{"embeddable":true,"href":"https:\/\/linitiative.ca\/International\/wp-json\/wp\/v2\/users\/1790"}],"replies":[{"embeddable":true,"href":"https:\/\/linitiative.ca\/International\/wp-json\/wp\/v2\/comments?post=61611"}],"version-history":[{"count":0,"href":"https:\/\/linitiative.ca\/International\/wp-json\/wp\/v2\/posts\/61611\/revisions"}],"wp:featuredmedia":[{"embeddable":true,"href":"https:\/\/linitiative.ca\/International\/wp-json\/"}],"wp:attachment":[{"href":"https:\/\/linitiative.ca\/International\/wp-json\/wp\/v2\/media?parent=61611"}],"wp:term":[{"taxonomy":"category","embeddable":true,"href":"https:\/\/linitiative.ca\/International\/wp-json\/wp\/v2\/categories?post=61611"},{"taxonomy":"post_tag","embeddable":true,"href":"https:\/\/linitiative.ca\/International\/wp-json\/wp\/v2\/tags?post=61611"}],"curies":[{"name":"wp","href":"https:\/\/api.w.org\/{rel}","templated":true}]}}